{"id":1207,"date":"2012-05-21T12:38:57","date_gmt":"2012-05-21T12:38:57","guid":{"rendered":"http:\/\/www.so-helo.com\/mariage\/blog\/?p=1207"},"modified":"2014-12-02T10:39:17","modified_gmt":"2014-12-02T10:39:17","slug":"decouvrez-un-mariage-retro-et-romantique-aux-tons-poudres-et-precieux","status":"publish","type":"post","link":"https:\/\/www.so-helo.com\/mariage\/blog\/2012\/05\/decouvrez-un-mariage-retro-et-romantique-aux-tons-poudres-et-precieux\/","title":{"rendered":"D\u00e9couvrez un mariage r\u00e9tro et romantique aux tons poudr\u00e9s et pr\u00e9cieux"},"content":{"rendered":"<p>Le Samedi 19 Mai \u00a0est arriv\u00e9 le grand jour du tournage parisien \u00e0 l&rsquo;esprit r\u00e9tro des bijoux et accessoires de mariage So H\u00e9lo! C&rsquo;est avec un grand soulagement que la m\u00e9t\u00e9o nous a fait l&rsquo;honneur d&rsquo;\u00eatre cl\u00e9mente ce jour l\u00e0 (la mari\u00e9e a m\u00eame eu un l\u00e9ger coup de soleil ^^ pour la petite anecdote du jour)!<\/p>\n<p>Si vous me suivez sur Facebook, vous avez pu voir en live et en exclusivit\u00e9 quelques photos prises le long de cette journ\u00e9e marathon! Vive\u00a0l&rsquo;application pour mobile Instagram qui m&rsquo;a permise de vous faire partager quelques moments en coulisse&#8230;<\/p>\n<p>Mais pour vous faire patienter,\u00a0avant la sortie du film, voici les jolies images de mon amie et partenaire photographe pr\u00e9sente le jour J.<\/p>\n<p>C&rsquo;est avec passion et talent que Nathou Manoury a grav\u00e9 les instants pr\u00e9cieux et romantiques\u00a0de cette journ\u00e9e\u00a0inoubliable&#8230;<\/p>\n<p><a href=\"https:\/\/www.so-helo.com\/mariage\/blog\/wp-content\/uploads\/2012\/05\/Mise-en-sc\u00e8ne-bibi-fairepart-jarreti\u00e8re-bijoux-mariage.jpg\"><img loading=\"lazy\" decoding=\"async\" class=\"wp-image-1210 aligncenter\" title=\"Mise en sc\u00e8ne bibi fairepart, jarreti\u00e8re bijoux mariage\" src=\"https:\/\/www.so-helo.com\/mariage\/blog\/wp-content\/uploads\/2012\/05\/Mise-en-sc\u00e8ne-bibi-fairepart-jarreti\u00e8re-bijoux-mariage.jpg\" alt=\"Mise en sc\u00e8ne r\u00e9tro\/ shabby chic avec bibi fairepart, jarreti\u00e8re bijoux mariage\" width=\"600\" height=\"634\" srcset=\"https:\/\/www.so-helo.com\/mariage\/blog\/wp-content\/uploads\/2012\/05\/Mise-en-sc\u00e8ne-bibi-fairepart-jarreti\u00e8re-bijoux-mariage.jpg 908w, https:\/\/www.so-helo.com\/mariage\/blog\/wp-content\/uploads\/2012\/05\/Mise-en-sc\u00e8ne-bibi-fairepart-jarreti\u00e8re-bijoux-mariage-283x300.jpg 283w\" sizes=\"(max-width: 600px) 100vw, 600px\" \/><\/a><\/p>\n<p>&nbsp;<\/p>\n<p><a href=\"https:\/\/www.so-helo.com\/mariage\/blog\/wp-content\/uploads\/2012\/05\/habillage-robe-de-mari\u00e9e.jpg\"><img loading=\"lazy\" decoding=\"async\" class=\"wp-image-1208 aligncenter\" title=\"habillage robe de mari\u00e9e\" src=\"https:\/\/www.so-helo.com\/mariage\/blog\/wp-content\/uploads\/2012\/05\/habillage-robe-de-mari\u00e9e.jpg\" alt=\"habillage robe de mari\u00e9e r\u00e9tro Eug\u00e9nie sign\u00e9e Confidentiel Cr\u00e9ation\" width=\"576\" height=\"576\" srcset=\"https:\/\/www.so-helo.com\/mariage\/blog\/wp-content\/uploads\/2012\/05\/habillage-robe-de-mari\u00e9e.jpg 960w, https:\/\/www.so-helo.com\/mariage\/blog\/wp-content\/uploads\/2012\/05\/habillage-robe-de-mari\u00e9e-150x150.jpg 150w, https:\/\/www.so-helo.com\/mariage\/blog\/wp-content\/uploads\/2012\/05\/habillage-robe-de-mari\u00e9e-300x300.jpg 300w\" sizes=\"(max-width: 576px) 100vw, 576px\" \/><\/a><\/p>\n<p>&nbsp;<\/p>\n<p><a href=\"https:\/\/www.so-helo.com\/mariage\/blog\/wp-content\/uploads\/2012\/05\/Mari\u00e9e-r\u00e9tro-avec-jarreti\u00e8re-en-dentelle-de-Calais.jpg\"><img loading=\"lazy\" decoding=\"async\" class=\"size-full wp-image-1209 aligncenter\" title=\"Mari\u00e9e r\u00e9tro avec jarreti\u00e8re en dentelle de Calais\" src=\"https:\/\/www.so-helo.com\/mariage\/blog\/wp-content\/uploads\/2012\/05\/Mari\u00e9e-r\u00e9tro-avec-jarreti\u00e8re-en-dentelle-de-Calais.jpg\" alt=\"Pr\u00e9paration Mari\u00e9e r\u00e9tro avec bibi et jarreti\u00e8re en dentelle de Calais\" width=\"607\" height=\"960\" srcset=\"https:\/\/www.so-helo.com\/mariage\/blog\/wp-content\/uploads\/2012\/05\/Mari\u00e9e-r\u00e9tro-avec-jarreti\u00e8re-en-dentelle-de-Calais.jpg 607w, https:\/\/www.so-helo.com\/mariage\/blog\/wp-content\/uploads\/2012\/05\/Mari\u00e9e-r\u00e9tro-avec-jarreti\u00e8re-en-dentelle-de-Calais-189x300.jpg 189w\" sizes=\"(max-width: 607px) 100vw, 607px\" \/><\/a><\/p>\n<p>&nbsp;<\/p>\n<p><a href=\"https:\/\/www.so-helo.com\/mariage\/blog\/wp-content\/uploads\/2012\/05\/pancarte-just-married-v\u00e9lo-r\u00e9tro.jpg\"><img loading=\"lazy\" decoding=\"async\" class=\"wp-image-1211 aligncenter\" title=\"pancarte just married v\u00e9lo r\u00e9tro\" src=\"https:\/\/www.so-helo.com\/mariage\/blog\/wp-content\/uploads\/2012\/05\/pancarte-just-married-v\u00e9lo-r\u00e9tro.jpg\" alt=\"Mariage r\u00e9tro vintage boh\u00e8me avec v\u00e9lo r\u00e9tro avec pancarte just married \" width=\"576\" height=\"864\" srcset=\"https:\/\/www.so-helo.com\/mariage\/blog\/wp-content\/uploads\/2012\/05\/pancarte-just-married-v\u00e9lo-r\u00e9tro.jpg 640w, https:\/\/www.so-helo.com\/mariage\/blog\/wp-content\/uploads\/2012\/05\/pancarte-just-married-v\u00e9lo-r\u00e9tro-200x300.jpg 200w\" sizes=\"(max-width: 576px) 100vw, 576px\" \/><\/a><\/p>\n<p>&nbsp;<\/p>\n<p>La suite tr\u00e8s prochainement&#8230;.<\/p>\n<p>Cr\u00e9dit photos: <a href=\"http:\/\/www.nathoumanoury.fr\/\" target=\"_blank\">Nathou Manoury<\/a><\/p>\n<p>Robe de mari\u00e9e : <a href=\"http:\/\/www.confidentiel-creation.fr\/\" target=\"_blank\">Confidentiel Cr\u00e9ation<\/a><\/p>\n<p>Faire -Part: <a href=\"http:\/\/theperfectdaybyjanine.com\/\" target=\"_blank\">The perfect Day by Janine<\/a><\/p>\n<p>Bouquet: <a href=\"http:\/\/www.trisaliecreations.fr\/\" target=\"_blank\">Trisalie Cr\u00e9ations<\/a><\/p>\n<p>Bijoux et accessoires : <a href=\"http:\/\/www.so-helo.com \" target=\"_blank\">So H\u00e9lo<\/a><\/p>\n<p>Mod\u00e8les: Caroline et Lionel<\/p>\n<p>&nbsp;<br \/>\nxo,<br \/>\n<a href=\"https:\/\/www.so-helo.com\/mariage\/blog\/wp-content\/uploads\/2012\/07\/H\u00e9lo.jpg\"><img loading=\"lazy\" decoding=\"async\" class=\"alignnone size-full wp-image-1701\" title=\"H\u00e9lo\" src=\"https:\/\/www.so-helo.com\/mariage\/blog\/wp-content\/uploads\/2012\/07\/H\u00e9lo.jpg\" alt=\"\" width=\"150\" height=\"70\" \/><\/a><\/p>\n","protected":false},"excerpt":{"rendered":"<p>Le Samedi 19 Mai \u00a0est arriv\u00e9 le grand jour du tournage parisien \u00e0 l&rsquo;esprit r\u00e9tro des bijoux et accessoires de mariage So H\u00e9lo! C&rsquo;est avec un grand soulagement que la m\u00e9t\u00e9o nous a fait l&rsquo;honneur d&rsquo;\u00eatre cl\u00e9mente ce jour l\u00e0 (la mari\u00e9e a m\u00eame eu un l\u00e9ger coup de soleil ^^ pour la petite anecdote&hellip;<\/p>\n","protected":false},"author":1,"featured_media":1216,"comment_status":"open","ping_status":"open","sticky":false,"template":"","format":"standard","meta":{"footnotes":""},"categories":[115,410],"tags":[143,168,141,166,154,167,93],"_links":{"self":[{"href":"https:\/\/www.so-helo.com\/mariage\/blog\/wp-json\/wp\/v2\/posts\/1207"}],"collection":[{"href":"https:\/\/www.so-helo.com\/mariage\/blog\/wp-json\/wp\/v2\/posts"}],"about":[{"href":"https:\/\/www.so-helo.com\/mariage\/blog\/wp-json\/wp\/v2\/types\/post"}],"author":[{"embeddable":true,"href":"https:\/\/www.so-helo.com\/mariage\/blog\/wp-json\/wp\/v2\/users\/1"}],"replies":[{"embeddable":true,"href":"https:\/\/www.so-helo.com\/mariage\/blog\/wp-json\/wp\/v2\/comments?post=1207"}],"version-history":[{"count":25,"href":"https:\/\/www.so-helo.com\/mariage\/blog\/wp-json\/wp\/v2\/posts\/1207\/revisions"}],"predecessor-version":[{"id":3783,"href":"https:\/\/www.so-helo.com\/mariage\/blog\/wp-json\/wp\/v2\/posts\/1207\/revisions\/3783"}],"wp:featuredmedia":[{"embeddable":true,"href":"https:\/\/www.so-helo.com\/mariage\/blog\/wp-json\/wp\/v2\/media\/1216"}],"wp:attachment":[{"href":"https:\/\/www.so-helo.com\/mariage\/blog\/wp-json\/wp\/v2\/media?parent=1207"}],"wp:term":[{"taxonomy":"category","embeddable":true,"href":"https:\/\/www.so-helo.com\/mariage\/blog\/wp-json\/wp\/v2\/categories?post=1207"},{"taxonomy":"post_tag","embeddable":true,"href":"https:\/\/www.so-helo.com\/mariage\/blog\/wp-json\/wp\/v2\/tags?post=1207"}],"curies":[{"name":"wp","href":"https:\/\/api.w.org\/{rel}","templated":true}]}}