{"id":1553,"date":"2012-07-02T11:32:25","date_gmt":"2012-07-02T11:32:25","guid":{"rendered":"http:\/\/www.so-helo.com\/mariage\/blog\/?p=1553"},"modified":"2012-07-23T09:58:06","modified_gmt":"2012-07-23T09:58:06","slug":"bientot-les-vacances-dates-a-retenir","status":"publish","type":"post","link":"https:\/\/www.so-helo.com\/mariage\/blog\/2012\/07\/bientot-les-vacances-dates-a-retenir\/","title":{"rendered":"Bient\u00f4t les vacances! {dates \u00e0 retenir}"},"content":{"rendered":"<p>Comme beaucoup le savent (notamment ceux qui me suivent sur les r\u00e9seaux sociaux), je suis cr\u00e9atrice de bijoux et accessoires de c\u00e9r\u00e9monies mais et surtout maman de deux loulous!<\/p>\n<p>Nous arrivons en pleine p\u00e9riode estivale (m\u00eame si la m\u00e9t\u00e9o joue les capricieuses) et donc en vacances scolaires.<\/p>\n<p>Je vous rassure, je continue \u00e0 cr\u00e9er vos bijoux et accessoires pour vos jolis jours mais les d\u00e9lais \u00e9tant de 5 semaines, il me faut d\u00e9terminer une date \u00e0 partir de laquelle les commandes ne pourront plus \u00eatre r\u00e9alis\u00e9es pour les mariages d&rsquo;Ao\u00fbt et d\u00e9but Septembre.<\/p>\n<p>Je prendrai mes cong\u00e9s \u00e0 compter du <span style=\"text-decoration: underline;\"><strong>3 Ao\u00fbt jusqu&rsquo;au 4 Septembre inclus<\/strong><\/span> pour passer du temps avec mes enfants qui, il faut l&rsquo;avouer, ne profitent pas trop de leur maman en pleine saison des mariages ;)<\/p>\n<p>Les d\u00e9lais actuels \u00e9tant donc de plusieurs semaines, toutes les commandes pass\u00e9es \u00e0 compter du 6 juillet au soir, seront prises en compte et r\u00e9alis\u00e9es apr\u00e8s mes cong\u00e9s.<\/p>\n<h3><span style=\"color: #edb4c9;\">Pour r\u00e9sumer:<\/span><\/h3>\n<h3><span style=\"color: #edb4c9;\">Entre le 6 juillet et le 4 Septembre, vous pourrez continuer \u00e0 passer commande mais celles-ci seront r\u00e9alis\u00e9es d\u00e8s mon retour ( par ordre d&rsquo;arriv\u00e9e) \u00e0 partir du 5 Septembre. <span style=\"text-decoration: underline;\">Attention, pour les mariages de Septembre, contactez-moi avant de passer commande<\/span>.<\/span><\/h3>\n<p>Je r\u00e9pondrai toutefois \u00e0 vos emails et demandes de renseignements.<\/p>\n<p>Pour les clientes ayant pass\u00e9 commandes avant le 6 juillet au soir, vous recevrez vos commandes avant mon d\u00e9part en vacances. Ne stressez pas ^^<br \/>\nxo,<br \/>\n<a href=\"https:\/\/www.so-helo.com\/mariage\/blog\/wp-content\/uploads\/2012\/07\/H\u00e9lo.jpg\"><img loading=\"lazy\" decoding=\"async\" class=\"alignnone size-full wp-image-1701\" title=\"H\u00e9lo\" src=\"https:\/\/www.so-helo.com\/mariage\/blog\/wp-content\/uploads\/2012\/07\/H\u00e9lo.jpg\" alt=\"\" width=\"150\" height=\"70\" \/><\/a><br \/>\n&nbsp;<\/p>\n<p><a href=\"https:\/\/www.so-helo.com\/mariage\/blog\/wp-content\/uploads\/2012\/07\/lohan-portrait.jpg\"><img loading=\"lazy\" decoding=\"async\" class=\"alignnone  wp-image-1556\" title=\"lohan portrait par Nathou Manoury\" src=\"https:\/\/www.so-helo.com\/mariage\/blog\/wp-content\/uploads\/2012\/07\/lohan-portrait-1024x443.jpg\" alt=\"lohan portrait par Nathou Manoury\" width=\"645\" height=\"279\" srcset=\"https:\/\/www.so-helo.com\/mariage\/blog\/wp-content\/uploads\/2012\/07\/lohan-portrait-1024x443.jpg 1024w, https:\/\/www.so-helo.com\/mariage\/blog\/wp-content\/uploads\/2012\/07\/lohan-portrait-300x130.jpg 300w\" sizes=\"(max-width: 645px) 100vw, 645px\" \/><\/a><\/p>\n<p>&nbsp;<\/p>\n","protected":false},"excerpt":{"rendered":"<p>Comme beaucoup le savent (notamment ceux qui me suivent sur les r\u00e9seaux sociaux), je suis cr\u00e9atrice de bijoux et accessoires de c\u00e9r\u00e9monies mais et surtout maman de deux loulous! Nous arrivons en pleine p\u00e9riode estivale (m\u00eame si la m\u00e9t\u00e9o joue les capricieuses) et donc en vacances scolaires. Je vous rassure, je continue \u00e0 cr\u00e9er vos&hellip;<\/p>\n","protected":false},"author":1,"featured_media":1558,"comment_status":"open","ping_status":"open","sticky":false,"template":"","format":"standard","meta":{"footnotes":""},"categories":[9],"tags":[146,74,212],"_links":{"self":[{"href":"https:\/\/www.so-helo.com\/mariage\/blog\/wp-json\/wp\/v2\/posts\/1553"}],"collection":[{"href":"https:\/\/www.so-helo.com\/mariage\/blog\/wp-json\/wp\/v2\/posts"}],"about":[{"href":"https:\/\/www.so-helo.com\/mariage\/blog\/wp-json\/wp\/v2\/types\/post"}],"author":[{"embeddable":true,"href":"https:\/\/www.so-helo.com\/mariage\/blog\/wp-json\/wp\/v2\/users\/1"}],"replies":[{"embeddable":true,"href":"https:\/\/www.so-helo.com\/mariage\/blog\/wp-json\/wp\/v2\/comments?post=1553"}],"version-history":[{"count":13,"href":"https:\/\/www.so-helo.com\/mariage\/blog\/wp-json\/wp\/v2\/posts\/1553\/revisions"}],"predecessor-version":[{"id":1724,"href":"https:\/\/www.so-helo.com\/mariage\/blog\/wp-json\/wp\/v2\/posts\/1553\/revisions\/1724"}],"wp:featuredmedia":[{"embeddable":true,"href":"https:\/\/www.so-helo.com\/mariage\/blog\/wp-json\/wp\/v2\/media\/1558"}],"wp:attachment":[{"href":"https:\/\/www.so-helo.com\/mariage\/blog\/wp-json\/wp\/v2\/media?parent=1553"}],"wp:term":[{"taxonomy":"category","embeddable":true,"href":"https:\/\/www.so-helo.com\/mariage\/blog\/wp-json\/wp\/v2\/categories?post=1553"},{"taxonomy":"post_tag","embeddable":true,"href":"https:\/\/www.so-helo.com\/mariage\/blog\/wp-json\/wp\/v2\/tags?post=1553"}],"curies":[{"name":"wp","href":"https:\/\/api.w.org\/{rel}","templated":true}]}}