{"id":1606,"date":"2012-07-16T06:01:56","date_gmt":"2012-07-16T06:01:56","guid":{"rendered":"http:\/\/www.so-helo.com\/mariage\/blog\/?p=1606"},"modified":"2014-12-02T10:36:04","modified_gmt":"2014-12-02T10:36:04","slug":"une-photographe-de-mariage-parfaite-pour-votre-joli-jour-nathou-manoury","status":"publish","type":"post","link":"https:\/\/www.so-helo.com\/mariage\/blog\/2012\/07\/une-photographe-de-mariage-parfaite-pour-votre-joli-jour-nathou-manoury\/","title":{"rendered":"Une photographe de mariage parfaite pour votre joli jour {Nathou Manoury}"},"content":{"rendered":"<p>Je ne vous pr\u00e9sente plus Nathou Manoury, mon amie et photographe professionnelle pour \u00ab\u00a0French Touch photographie\u00a0\u00bb.<\/p>\n<p>Nous nous sommes rencontr\u00e9es aux Pays-Bas lorsque nous y vivions toutes les deux et pour ma plus grande joie, elle est venue \u00e9galement habiter la capitale peu apr\u00e8s moi.<\/p>\n<p>Depuis son retour, nous travaillons en \u00e9troite collaboration pour des shootings bijoux et accessoires ou des shooting d&rsquo;inspiration ;)<\/p>\n<p>Vous vous souvenez de celui r\u00e9alis\u00e9 lors du tournage du court m\u00e9trage r\u00e9tro ici: <a href=\"https:\/\/www.so-helo.com\/mariage\/blog\/2012\/05\/un-joli-mariage-retro-et-romantique-la-suite-en-images\/\" target=\"_blank\">\u00ab\u00a0Un joli mariage r\u00e9tro et romantique\u00a0\u00bb<\/a><\/p>\n<p>En voici un petit diaporama avec quelques photos in\u00e9dites!<\/p>\n<p><iframe loading=\"lazy\" src=\"http:\/\/www.youtube.com\/embed\/kwTub6AXZEE\" frameborder=\"0\" width=\"640\" height=\"360\"><\/iframe><\/p>\n<p>Son amour pour les petits d\u00e9tails et sa sympathie renforcent le talent dont elle dispose d\u00e9j\u00e0. Une <a href=\"http:\/\/www.nathoumanoury.fr\/\" target=\"_blank\">photographe portraitiste et de mariage<\/a> qui a toute ma confiance et que je recommande grandement \u00e0 toutes les brides-to-be qui vont se dire oui prochainement ainsi qu&rsquo;\u00e0 toutes les personnes qui d\u00e9sirent de jolies photos d&rsquo;instants pr\u00e9cieux&#8230;<\/p>\n<p>A noter, elle se d\u00e9place dans toute la France (elle a m\u00eame r\u00e9cemment photographi\u00e9 le joli jour de mari\u00e9s corses et hollandais ^^) \u00e0 la demande.<\/p>\n<p><a href=\"https:\/\/www.so-helo.com\/mariage\/blog\/wp-content\/uploads\/2012\/07\/IMG_5449-2.jpg\"><img loading=\"lazy\" decoding=\"async\" class=\"alignnone  wp-image-1627\" title=\"Mari\u00e9e romantique robe dentelle \" src=\"https:\/\/www.so-helo.com\/mariage\/blog\/wp-content\/uploads\/2012\/07\/IMG_5449-2-680x1024.jpg\" alt=\"Photographe mariage paris Mari\u00e9e romantique robe dentelle \" width=\"612\" height=\"922\" srcset=\"https:\/\/www.so-helo.com\/mariage\/blog\/wp-content\/uploads\/2012\/07\/IMG_5449-2-680x1024.jpg 680w, https:\/\/www.so-helo.com\/mariage\/blog\/wp-content\/uploads\/2012\/07\/IMG_5449-2-199x300.jpg 199w, https:\/\/www.so-helo.com\/mariage\/blog\/wp-content\/uploads\/2012\/07\/IMG_5449-2.jpg 930w\" sizes=\"(max-width: 612px) 100vw, 612px\" \/><\/a><\/p>\n<p><a href=\"https:\/\/www.so-helo.com\/mariage\/blog\/wp-content\/uploads\/2012\/07\/IMG_5575-2.jpg\"><img loading=\"lazy\" decoding=\"async\" class=\"alignnone  wp-image-1628\" title=\"couple de mari\u00e9s \u00e0 v\u00e9lo\" src=\"https:\/\/www.so-helo.com\/mariage\/blog\/wp-content\/uploads\/2012\/07\/IMG_5575-2-1024x682.jpg\" alt=\"photographe mariage r\u00e9tro Paris couple de mari\u00e9s \u00e0 v\u00e9lo\" width=\"614\" height=\"409\" srcset=\"https:\/\/www.so-helo.com\/mariage\/blog\/wp-content\/uploads\/2012\/07\/IMG_5575-2-1024x682.jpg 1024w, https:\/\/www.so-helo.com\/mariage\/blog\/wp-content\/uploads\/2012\/07\/IMG_5575-2-300x199.jpg 300w, https:\/\/www.so-helo.com\/mariage\/blog\/wp-content\/uploads\/2012\/07\/IMG_5575-2-281x188.jpg 281w, https:\/\/www.so-helo.com\/mariage\/blog\/wp-content\/uploads\/2012\/07\/IMG_5575-2.jpg 1400w\" sizes=\"(max-width: 614px) 100vw, 614px\" \/><\/a><\/p>\n<p><a href=\"https:\/\/www.so-helo.com\/mariage\/blog\/wp-content\/uploads\/2012\/07\/IMG_5593.jpg\"><img loading=\"lazy\" decoding=\"async\" class=\"alignnone  wp-image-1629\" title=\"couple mari\u00e9s place de delft pays bas\" src=\"https:\/\/www.so-helo.com\/mariage\/blog\/wp-content\/uploads\/2012\/07\/IMG_5593-1024x682.jpg\" alt=\"Photographe mariage et portraitiste Paris couple de mari\u00e9s place de Delft\" width=\"614\" height=\"409\" srcset=\"https:\/\/www.so-helo.com\/mariage\/blog\/wp-content\/uploads\/2012\/07\/IMG_5593-1024x682.jpg 1024w, https:\/\/www.so-helo.com\/mariage\/blog\/wp-content\/uploads\/2012\/07\/IMG_5593-300x200.jpg 300w, https:\/\/www.so-helo.com\/mariage\/blog\/wp-content\/uploads\/2012\/07\/IMG_5593-281x188.jpg 281w, https:\/\/www.so-helo.com\/mariage\/blog\/wp-content\/uploads\/2012\/07\/IMG_5593.jpg 1080w\" sizes=\"(max-width: 614px) 100vw, 614px\" \/><\/a><\/p>\n<h3><span style=\"text-decoration: underline;\"><em><strong>Elle a jou\u00e9 le jeu de mon petit interview:<\/strong><\/em><\/span><\/h3>\n<p><strong>Q: Quel est ton parcours et pourquoi as-tu choisi le monde du mariage?<\/strong><\/p>\n<p>44 ans, maman de 4 gar\u00e7ons, Paul 20 ans, Antoine 18 ans et des jumeaux de 9 ans. Nous arrivons des Pays-Bas o\u00f9 j\u2019ai d\u00e9cid\u00e9 en 2010 de m\u2019installer en tant que photographe professionnel, d\u00e9cision qui a \u00e9t\u00e9 r\u00e9compens\u00e9e par une nomination aux Objectifs d\u2019Or de la photographie d\u00e9but 2011.<\/p>\n<p>Le mariage est pour moi l\u2019un des moments le plus fort d\u2019 une vie.<\/p>\n<p>Je suis tr\u00e8s fleur bleue, et oui moi aussi\u00a0;),<\/p>\n<p>en tant que femme nous devenons madame que notre promis peut prononcer \u00ab\u00a0Ma\u00a0\u00bb Dame, notre papa nous confie \u00e0 un autre homme\u2026 Toute une symbolique\u00a0!<\/p>\n<p>En tant qu\u2019homme, d\u00e9cider de s\u2019engager en prenant \u00ab\u00a0femme\u00a0\u00bb est toute une d\u00e9marche \u00e9motionnelle, faire sa demande aupr\u00e8s du papa de sa dulcin\u00e9e avec des gants couleur beurre frais\u2026 choisir la bague de fian\u00e7ailles\u2026 le jour du mariage partager les alliances\u2026<\/p>\n<p>Waouh que d\u2019\u00e9motions!<\/p>\n<p><a href=\"https:\/\/www.so-helo.com\/mariage\/blog\/wp-content\/uploads\/2012\/07\/Mariage-AlexHerve-7890-00001.jpg\"><img loading=\"lazy\" decoding=\"async\" class=\"alignnone  wp-image-1631\" title=\"Coussin d'alliances chaussures et bijoux\" src=\"https:\/\/www.so-helo.com\/mariage\/blog\/wp-content\/uploads\/2012\/07\/Mariage-AlexHerve-7890-00001-682x1024.jpg\" alt=\"Photographe mariage et portraitiste paris Coussin d'alliances chaussures et bijoux\" width=\"614\" height=\"922\" srcset=\"https:\/\/www.so-helo.com\/mariage\/blog\/wp-content\/uploads\/2012\/07\/Mariage-AlexHerve-7890-00001-682x1024.jpg 682w, https:\/\/www.so-helo.com\/mariage\/blog\/wp-content\/uploads\/2012\/07\/Mariage-AlexHerve-7890-00001-200x300.jpg 200w\" sizes=\"(max-width: 614px) 100vw, 614px\" \/><\/a><\/p>\n<p><img loading=\"lazy\" decoding=\"async\" class=\"alignnone  wp-image-1630\" title=\"Photos mariage paris Chaussures et alliances\" src=\"https:\/\/www.so-helo.com\/mariage\/blog\/wp-content\/uploads\/2012\/07\/Mariage-AlexHerve-7880-00001-682x1024.jpg\" alt=\"Photographe mariage paris Chaussures et alliances\" width=\"614\" height=\"922\" srcset=\"https:\/\/www.so-helo.com\/mariage\/blog\/wp-content\/uploads\/2012\/07\/Mariage-AlexHerve-7880-00001-682x1024.jpg 682w, https:\/\/www.so-helo.com\/mariage\/blog\/wp-content\/uploads\/2012\/07\/Mariage-AlexHerve-7880-00001-200x300.jpg 200w\" sizes=\"(max-width: 614px) 100vw, 614px\" \/><\/p>\n<p><strong>Q: Sans \u00eatre trop indiscr\u00e8te mais juste curieuse&#8230; quels sont tes projets pour les semaines et mois \u00e0 venir?<\/strong><\/p>\n<p>Faire une s\u00e9rie d\u2019images pour l\u2019anniversaire de mariage d\u2019H\u00e9loise et Sebastien, le temps passe est il est sublime de se redire oui r\u00e9gulierement en image\u2026<\/p>\n<p><strong>Q: As-tu une petite anecdote \u00e0 nous faire partager?<\/strong><\/p>\n<div>\n<p>Je me suis mari\u00e9e en 1991, j\u2019ai divorc\u00e9e, j\u2019ai toujours mon album photographique de ce jour\u2026<\/p>\n<\/div>\n<p><strong>Q: Un dernier conseil pour nos Brides-to-Be?<\/strong><\/p>\n<p>Choisissez votre photographe pour ce jour merveilleux non pas pour son prix mais pour le sentiment de complicit\u00e9, de confiance que vous ressentez en sa pr\u00e9sence.<\/p>\n<p>Les images de Votre mariage sont un Patrimoine, un H\u00e9ritage que vous l\u00e9guerez \u00e0 votre descendance\u00a0!<\/p>\n<p>Les petits fours sont engloutis, la robe de mari\u00e9e reste dans son carton\u2026 les images gardent leur vie tout au long de la votre et m\u00eame apr\u00e8s vous\u2026<\/p>\n<p><a href=\"https:\/\/www.so-helo.com\/mariage\/blog\/wp-content\/uploads\/2012\/07\/Mariage-AlexHerve-8116-00001.jpg\"><img loading=\"lazy\" decoding=\"async\" class=\"alignnone  wp-image-1632\" title=\"portrait maquillage mari\u00e9e\" src=\"https:\/\/www.so-helo.com\/mariage\/blog\/wp-content\/uploads\/2012\/07\/Mariage-AlexHerve-8116-00001-1024x682.jpg\" alt=\"portrait maquillage mari\u00e9e\" width=\"614\" height=\"409\" srcset=\"https:\/\/www.so-helo.com\/mariage\/blog\/wp-content\/uploads\/2012\/07\/Mariage-AlexHerve-8116-00001-1024x682.jpg 1024w, https:\/\/www.so-helo.com\/mariage\/blog\/wp-content\/uploads\/2012\/07\/Mariage-AlexHerve-8116-00001-300x199.jpg 300w, https:\/\/www.so-helo.com\/mariage\/blog\/wp-content\/uploads\/2012\/07\/Mariage-AlexHerve-8116-00001-281x188.jpg 281w, https:\/\/www.so-helo.com\/mariage\/blog\/wp-content\/uploads\/2012\/07\/Mariage-AlexHerve-8116-00001.jpg 1400w\" sizes=\"(max-width: 614px) 100vw, 614px\" \/><\/a><\/p>\n<p align=\"JUSTIFY\"><strong>Un petit jeu pour finir&#8230; on ne r\u00e9fl\u00e9chit pas et on r\u00e9pond spontan\u00e9ment ;)<\/strong><\/p>\n<p><strong>Une \u00e9poque \u00e0 laquelle tu aurais aim\u00e9 vivre:<\/strong>\u00a0\u00a0le temps des crinolines<\/p>\n<p><strong>Un personnage\/ ou une personne inoubliable \u00e0 tes yeux :\u00a0<\/strong>Mon Papa<\/p>\n<p><strong>Un objet f\u00e9tiche:\u00a0<\/strong>la photo de mes parents que j\u2019ai perdu mais qui sont toujours pr\u00e9sents gr\u00e2ce \u00e0 elle\u2026<\/p>\n<p><strong>Une couleur:\u00a0<\/strong>marron<\/p>\n<p><strong>Un film qui t&rsquo;a marqu\u00e9 :\u00a0<\/strong>Out of africa<\/p>\n<p><a href=\"https:\/\/www.so-helo.com\/mariage\/blog\/wp-content\/uploads\/2012\/07\/Mariage-AlexHerve-9024-00001.jpg\"><img loading=\"lazy\" decoding=\"async\" class=\"alignnone  wp-image-1634\" title=\"photo mari\u00e9e voile et \u00e9glise\" src=\"https:\/\/www.so-helo.com\/mariage\/blog\/wp-content\/uploads\/2012\/07\/Mariage-AlexHerve-9024-00001-1024x1024.jpg\" alt=\"photo mari\u00e9e voile et \u00e9glise\" width=\"614\" height=\"614\" srcset=\"https:\/\/www.so-helo.com\/mariage\/blog\/wp-content\/uploads\/2012\/07\/Mariage-AlexHerve-9024-00001-1024x1024.jpg 1024w, https:\/\/www.so-helo.com\/mariage\/blog\/wp-content\/uploads\/2012\/07\/Mariage-AlexHerve-9024-00001-150x150.jpg 150w, https:\/\/www.so-helo.com\/mariage\/blog\/wp-content\/uploads\/2012\/07\/Mariage-AlexHerve-9024-00001-300x300.jpg 300w, https:\/\/www.so-helo.com\/mariage\/blog\/wp-content\/uploads\/2012\/07\/Mariage-AlexHerve-9024-00001.jpg 1400w\" sizes=\"(max-width: 614px) 100vw, 614px\" \/><\/a><\/p>\n<p><img loading=\"lazy\" decoding=\"async\" class=\"alignnone  wp-image-1633\" title=\"larme du mari\u00e9 \u00e0 l'\u00e9glise\" src=\"https:\/\/www.so-helo.com\/mariage\/blog\/wp-content\/uploads\/2012\/07\/Mariage-AlexHerve-8648-00001-1024x1024.jpg\" alt=\"larme du mari\u00e9 \u00e0 l'\u00e9glise\" width=\"614\" height=\"614\" srcset=\"https:\/\/www.so-helo.com\/mariage\/blog\/wp-content\/uploads\/2012\/07\/Mariage-AlexHerve-8648-00001-1024x1024.jpg 1024w, https:\/\/www.so-helo.com\/mariage\/blog\/wp-content\/uploads\/2012\/07\/Mariage-AlexHerve-8648-00001-150x150.jpg 150w, https:\/\/www.so-helo.com\/mariage\/blog\/wp-content\/uploads\/2012\/07\/Mariage-AlexHerve-8648-00001-300x300.jpg 300w, https:\/\/www.so-helo.com\/mariage\/blog\/wp-content\/uploads\/2012\/07\/Mariage-AlexHerve-8648-00001.jpg 1400w\" sizes=\"(max-width: 614px) 100vw, 614px\" \/><\/p>\n<p><strong>Coordonn\u00e9es<\/strong>: mail :\u00a0<a href=\"mailto:contact@nathoumanoury.fr\" target=\"_blank\">contact@nathoumanoury.fr<\/a>\u00a0\u00a0\u2013 tel :\u00a006.50.72.16.10 \u00a0Paris<\/p>\n<p><strong>Facebook<\/strong>:\u00a0<a href=\"https:\/\/www.facebook.com\/frenchtouchbynathoum\" target=\"_blank\">profil\u00a0<\/a><\/p>\n<div>\n<p><strong>Site internet et blog :\u00a0<\/strong><span style=\"color: #666666;\"><strong><a href=\"www.nathoumanoury.fr\" target=\"_blank\">www.nathoumanoury.fr<\/a><\/strong><\/span><\/p>\n<p>D\u00e9couvrez \u00e9galement ses diff\u00e9rentes formules mariage ici (formule love \u00e0 partir de 97euros) \u00a0:<a href=\"http:\/\/www.nathoumanoury.fr\/PlaquetteMariageJuillet2012\/\">\u00a0Plaquette mariages<\/a><\/p>\n<p>et ses formules portraits (formule d\u00e9couverte \u00e0 partir de 97euros): <a href=\"http:\/\/www.nathoumanoury.fr\/PlaquettePortraitsJuillet2012\/\">Plaquette portrait<\/a>s<\/p>\n<p>A noter: pour profiter pleinement de la plaquette, cliquez sur le petit \u00e9cran juste au dessous du diaporama.<\/p>\n<p>&nbsp;<\/p>\n<h3><span style=\"text-decoration: underline;\"><em><strong>Info de\u00a0derni\u00e8res\u00a0minutes:<\/strong><\/em><\/span><\/h3>\n<p>Nathou nous r\u00e9serve \u00e9galement une petite surprise d\u00e8s la rentr\u00e9e que je n&rsquo;h\u00e9siterai pas \u00e0 vous faire partager! Vous allez \u00eatre g\u00e2t\u00e9es&#8230; mais chut, je ne vous en dis pas plus, rendez-vous tr\u00e8s prochainement pour en connaitre un peu plus.<\/p>\n<p><a href=\"https:\/\/www.so-helo.com\/mariage\/blog\/wp-content\/uploads\/2012\/07\/IMG_1961.jpg\"><img loading=\"lazy\" decoding=\"async\" class=\"alignnone  wp-image-1612\" title=\"Mariage en v\u00e9lo-triporteur r\u00e9tro\" src=\"https:\/\/www.so-helo.com\/mariage\/blog\/wp-content\/uploads\/2012\/07\/IMG_1961-1024x643.jpg\" alt=\"Mariage en v\u00e9lo-triporteur r\u00e9tro\" width=\"631\" height=\"396\" srcset=\"https:\/\/www.so-helo.com\/mariage\/blog\/wp-content\/uploads\/2012\/07\/IMG_1961-1024x643.jpg 1024w, https:\/\/www.so-helo.com\/mariage\/blog\/wp-content\/uploads\/2012\/07\/IMG_1961-300x188.jpg 300w\" sizes=\"(max-width: 631px) 100vw, 631px\" \/><\/a><\/p>\n<p>xo,<br \/>\n<a href=\"https:\/\/www.so-helo.com\/mariage\/blog\/wp-content\/uploads\/2012\/07\/H\u00e9lo.jpg\"><img loading=\"lazy\" decoding=\"async\" class=\"alignnone size-full wp-image-1701\" title=\"H\u00e9lo\" src=\"https:\/\/www.so-helo.com\/mariage\/blog\/wp-content\/uploads\/2012\/07\/H\u00e9lo.jpg\" alt=\"\" width=\"150\" height=\"70\" \/><\/a><\/p>\n<\/div>\n","protected":false},"excerpt":{"rendered":"<p>Je ne vous pr\u00e9sente plus Nathou Manoury, mon amie et photographe professionnelle pour \u00ab\u00a0French Touch photographie\u00a0\u00bb. Nous nous sommes rencontr\u00e9es aux Pays-Bas lorsque nous y vivions toutes les deux et pour ma plus grande joie, elle est venue \u00e9galement habiter la capitale peu apr\u00e8s moi. Depuis son retour, nous travaillons en \u00e9troite collaboration pour des&hellip;<\/p>\n","protected":false},"author":1,"featured_media":1615,"comment_status":"open","ping_status":"open","sticky":false,"template":"","format":"standard","meta":{"footnotes":""},"categories":[413],"tags":[149,208,162,187,225,169],"_links":{"self":[{"href":"https:\/\/www.so-helo.com\/mariage\/blog\/wp-json\/wp\/v2\/posts\/1606"}],"collection":[{"href":"https:\/\/www.so-helo.com\/mariage\/blog\/wp-json\/wp\/v2\/posts"}],"about":[{"href":"https:\/\/www.so-helo.com\/mariage\/blog\/wp-json\/wp\/v2\/types\/post"}],"author":[{"embeddable":true,"href":"https:\/\/www.so-helo.com\/mariage\/blog\/wp-json\/wp\/v2\/users\/1"}],"replies":[{"embeddable":true,"href":"https:\/\/www.so-helo.com\/mariage\/blog\/wp-json\/wp\/v2\/comments?post=1606"}],"version-history":[{"count":33,"href":"https:\/\/www.so-helo.com\/mariage\/blog\/wp-json\/wp\/v2\/posts\/1606\/revisions"}],"predecessor-version":[{"id":3774,"href":"https:\/\/www.so-helo.com\/mariage\/blog\/wp-json\/wp\/v2\/posts\/1606\/revisions\/3774"}],"wp:featuredmedia":[{"embeddable":true,"href":"https:\/\/www.so-helo.com\/mariage\/blog\/wp-json\/wp\/v2\/media\/1615"}],"wp:attachment":[{"href":"https:\/\/www.so-helo.com\/mariage\/blog\/wp-json\/wp\/v2\/media?parent=1606"}],"wp:term":[{"taxonomy":"category","embeddable":true,"href":"https:\/\/www.so-helo.com\/mariage\/blog\/wp-json\/wp\/v2\/categories?post=1606"},{"taxonomy":"post_tag","embeddable":true,"href":"https:\/\/www.so-helo.com\/mariage\/blog\/wp-json\/wp\/v2\/tags?post=1606"}],"curies":[{"name":"wp","href":"https:\/\/api.w.org\/{rel}","templated":true}]}}