{"id":1768,"date":"2012-07-31T07:19:04","date_gmt":"2012-07-31T07:19:04","guid":{"rendered":"http:\/\/www.so-helo.com\/mariage\/blog\/?p=1768"},"modified":"2014-12-02T10:35:28","modified_gmt":"2014-12-02T10:35:28","slug":"des-cadeaux-pour-les-temoins-de-votre-mariage-jolies-idees","status":"publish","type":"post","link":"https:\/\/www.so-helo.com\/mariage\/blog\/2012\/07\/des-cadeaux-pour-les-temoins-de-votre-mariage-jolies-idees\/","title":{"rendered":"Des cadeaux pour les t\u00e9moins de votre mariage   { jolies id\u00e9es }"},"content":{"rendered":"<p>A travers le blog ou la boutique <a href=\"http:\/\/www.so-helo.com\" target=\"_blank\">So H\u00e9lo<\/a>, j&rsquo;essaye de vous donner de jolies id\u00e9es pour accessoiriser vos tenues de mari\u00e9e ou d&rsquo;invit\u00e9e&#8230;<\/p>\n<p>Aujourd&rsquo;hui, c&rsquo;est au tour des t\u00e9moins ou demoiselles d&rsquo;honneur \/ Bridesmaids d&rsquo;\u00eatre chouchout\u00e9es et g\u00e2t\u00e9es!<\/p>\n<p>Vous \u00eates une bride-to-be \u00e0 la recherche d&rsquo;un joli petit cadeau qui marquera cette demande ou \u00e0 offrir le jour m\u00eame de votre D Day?<\/p>\n<p>Pour vous inspirer, voici quelques id\u00e9es (et oui! d&rsquo;autres vous seront pr\u00e9sent\u00e9es dans les mois qui suivront) de bijoux f\u00e9minins et d\u00e9licats qui plairont \u00e0 vos amies!<\/p>\n<p><a href=\"https:\/\/www.so-helo.com\/mariage\/blog\/wp-content\/uploads\/2012\/07\/collier-mari\u00e9e-perle-et-bracelets-t\u00e9moins-copie.jpg\"><img loading=\"lazy\" decoding=\"async\" class=\"alignnone  wp-image-1771\" title=\"collier mari\u00e9e perle et bracelets t\u00e9moins \" src=\"https:\/\/www.so-helo.com\/mariage\/blog\/wp-content\/uploads\/2012\/07\/collier-mari\u00e9e-perle-et-bracelets-t\u00e9moins-copie-754x1024.jpg\" alt=\"collier mari\u00e9e perle et bracelets t\u00e9moins \" width=\"547\" height=\"743\" srcset=\"https:\/\/www.so-helo.com\/mariage\/blog\/wp-content\/uploads\/2012\/07\/collier-mari\u00e9e-perle-et-bracelets-t\u00e9moins-copie-754x1024.jpg 754w, https:\/\/www.so-helo.com\/mariage\/blog\/wp-content\/uploads\/2012\/07\/collier-mari\u00e9e-perle-et-bracelets-t\u00e9moins-copie-221x300.jpg 221w, https:\/\/www.so-helo.com\/mariage\/blog\/wp-content\/uploads\/2012\/07\/collier-mari\u00e9e-perle-et-bracelets-t\u00e9moins-copie.jpg 1000w\" sizes=\"(max-width: 547px) 100vw, 547px\" \/><\/a>Le <a href=\"http:\/\/www.so-helo.com\/mariage\/bijoux-mariage-bracelets-mariee-precieux\/295-bracelet-mariage-caroline-avec-fleur-retro-et-perles-nacrees.html\" target=\"_blank\">bracelet de mari\u00e9e caroline<\/a> que vous porterez avec le superbe collier au style r\u00e9tro &#8230; \u00e0 offrir \u00e9galement \u00e0 ses bridesmaids.<\/p>\n<p><a href=\"https:\/\/www.so-helo.com\/mariage\/blog\/wp-content\/uploads\/2012\/07\/headband-cristal-mari\u00e9e-et-barrettes-t\u00e9moins-assortis-copie.jpg\"><img loading=\"lazy\" decoding=\"async\" class=\"alignnone  wp-image-1772\" title=\"headband cristal mari\u00e9e et barrettes t\u00e9moins assorties\" src=\"https:\/\/www.so-helo.com\/mariage\/blog\/wp-content\/uploads\/2012\/07\/headband-cristal-mari\u00e9e-et-barrettes-t\u00e9moins-assortis-copie-682x1024.jpg\" alt=\"headband cristal mari\u00e9e et barrettes t\u00e9moins assorties\" width=\"540\" height=\"810\" srcset=\"https:\/\/www.so-helo.com\/mariage\/blog\/wp-content\/uploads\/2012\/07\/headband-cristal-mari\u00e9e-et-barrettes-t\u00e9moins-assortis-copie-682x1024.jpg 682w, https:\/\/www.so-helo.com\/mariage\/blog\/wp-content\/uploads\/2012\/07\/headband-cristal-mari\u00e9e-et-barrettes-t\u00e9moins-assortis-copie-199x300.jpg 199w, https:\/\/www.so-helo.com\/mariage\/blog\/wp-content\/uploads\/2012\/07\/headband-cristal-mari\u00e9e-et-barrettes-t\u00e9moins-assortis-copie.jpg 1333w\" sizes=\"(max-width: 540px) 100vw, 540px\" \/><\/a><\/p>\n<p>De petites barrettes de cristal assorties au <a href=\"http:\/\/www.so-helo.com\/mariage\/les-headbands-bijoux-de-tete\/284-headband-retro-avec-motif-de-cristal-et-ruban-de-satin.html\" target=\"_blank\">headband mari\u00e9e Charline<\/a> mont\u00e9 sur serre t\u00eate, ici, pour la mari\u00e9e .<\/p>\n<p><a href=\"https:\/\/www.so-helo.com\/mariage\/blog\/wp-content\/uploads\/2012\/07\/barrettes-cheveux-t\u00e9moins-mariage-cristal-copie.jpg\"><img loading=\"lazy\" decoding=\"async\" class=\"alignnone  wp-image-1769\" title=\"barrettes cheveux t\u00e9moins mariage cristal \" src=\"https:\/\/www.so-helo.com\/mariage\/blog\/wp-content\/uploads\/2012\/07\/barrettes-cheveux-t\u00e9moins-mariage-cristal-copie-911x1024.jpg\" alt=\"barrettes cheveux t\u00e9moins mariage cristal \" width=\"547\" height=\"614\" srcset=\"https:\/\/www.so-helo.com\/mariage\/blog\/wp-content\/uploads\/2012\/07\/barrettes-cheveux-t\u00e9moins-mariage-cristal-copie-911x1024.jpg 911w, https:\/\/www.so-helo.com\/mariage\/blog\/wp-content\/uploads\/2012\/07\/barrettes-cheveux-t\u00e9moins-mariage-cristal-copie-267x300.jpg 267w, https:\/\/www.so-helo.com\/mariage\/blog\/wp-content\/uploads\/2012\/07\/barrettes-cheveux-t\u00e9moins-mariage-cristal-copie.jpg 1000w\" sizes=\"(max-width: 547px) 100vw, 547px\" \/><\/a><\/p>\n<p>Et pour finir aujourd&rsquo;hui, des colliers personnalis\u00e9s avec les initiales de votre choix ( 1 ou 2) et agr\u00e9ment\u00e9s de pierres gemmes,<\/p>\n<p>quartz, amazonite ou perles d&rsquo;eau douce&#8230;<\/p>\n<p><a href=\"https:\/\/www.so-helo.com\/mariage\/blog\/wp-content\/uploads\/2012\/07\/bijoux-t\u00e9moins-collier-personnalis\u00e9.jpg\"><img loading=\"lazy\" decoding=\"async\" class=\"alignnone  wp-image-1784\" title=\"bijoux t\u00e9moins collier personnalis\u00e9\" src=\"https:\/\/www.so-helo.com\/mariage\/blog\/wp-content\/uploads\/2012\/07\/bijoux-t\u00e9moins-collier-personnalis\u00e9.jpg\" alt=\"bijoux t\u00e9moins collier personnalis\u00e9\" width=\"574\" height=\"574\" srcset=\"https:\/\/www.so-helo.com\/mariage\/blog\/wp-content\/uploads\/2012\/07\/bijoux-t\u00e9moins-collier-personnalis\u00e9.jpg 1024w, https:\/\/www.so-helo.com\/mariage\/blog\/wp-content\/uploads\/2012\/07\/bijoux-t\u00e9moins-collier-personnalis\u00e9-150x150.jpg 150w, https:\/\/www.so-helo.com\/mariage\/blog\/wp-content\/uploads\/2012\/07\/bijoux-t\u00e9moins-collier-personnalis\u00e9-300x300.jpg 300w\" sizes=\"(max-width: 574px) 100vw, 574px\" \/><\/a><\/p>\n<p>Tous ces petits cadeaux sont livr\u00e9s dans de jolies pochettes cadeaux avec le petit mot de votre choix.<\/p>\n<p>Retrouvez -les dans la prochaine collection de bijoux et d&rsquo;<a href=\"http:\/\/www.so-helo.com\/mariage\" target=\"_blank\">accessoires de mariage So H\u00e9lo<\/a> \u00e0 l&rsquo;automne&#8230;<\/p>\n<p>&nbsp;<\/p>\n<p>&nbsp;<\/p>\n","protected":false},"excerpt":{"rendered":"<p>A travers le blog ou la boutique So H\u00e9lo, j&rsquo;essaye de vous donner de jolies id\u00e9es pour accessoiriser vos tenues de mari\u00e9e ou d&rsquo;invit\u00e9e&#8230; Aujourd&rsquo;hui, c&rsquo;est au tour des t\u00e9moins ou demoiselles d&rsquo;honneur \/ Bridesmaids d&rsquo;\u00eatre chouchout\u00e9es et g\u00e2t\u00e9es! Vous \u00eates une bride-to-be \u00e0 la recherche d&rsquo;un joli petit cadeau qui marquera cette demande ou&hellip;<\/p>\n","protected":false},"author":1,"featured_media":1778,"comment_status":"open","ping_status":"open","sticky":false,"template":"","format":"standard","meta":{"footnotes":""},"categories":[414],"tags":[235,234,221,98,99,220,231,41,232,230,233],"_links":{"self":[{"href":"https:\/\/www.so-helo.com\/mariage\/blog\/wp-json\/wp\/v2\/posts\/1768"}],"collection":[{"href":"https:\/\/www.so-helo.com\/mariage\/blog\/wp-json\/wp\/v2\/posts"}],"about":[{"href":"https:\/\/www.so-helo.com\/mariage\/blog\/wp-json\/wp\/v2\/types\/post"}],"author":[{"embeddable":true,"href":"https:\/\/www.so-helo.com\/mariage\/blog\/wp-json\/wp\/v2\/users\/1"}],"replies":[{"embeddable":true,"href":"https:\/\/www.so-helo.com\/mariage\/blog\/wp-json\/wp\/v2\/comments?post=1768"}],"version-history":[{"count":13,"href":"https:\/\/www.so-helo.com\/mariage\/blog\/wp-json\/wp\/v2\/posts\/1768\/revisions"}],"predecessor-version":[{"id":3772,"href":"https:\/\/www.so-helo.com\/mariage\/blog\/wp-json\/wp\/v2\/posts\/1768\/revisions\/3772"}],"wp:featuredmedia":[{"embeddable":true,"href":"https:\/\/www.so-helo.com\/mariage\/blog\/wp-json\/wp\/v2\/media\/1778"}],"wp:attachment":[{"href":"https:\/\/www.so-helo.com\/mariage\/blog\/wp-json\/wp\/v2\/media?parent=1768"}],"wp:term":[{"taxonomy":"category","embeddable":true,"href":"https:\/\/www.so-helo.com\/mariage\/blog\/wp-json\/wp\/v2\/categories?post=1768"},{"taxonomy":"post_tag","embeddable":true,"href":"https:\/\/www.so-helo.com\/mariage\/blog\/wp-json\/wp\/v2\/tags?post=1768"}],"curies":[{"name":"wp","href":"https:\/\/api.w.org\/{rel}","templated":true}]}}