{"id":1867,"date":"2012-09-04T06:00:14","date_gmt":"2012-09-04T06:00:14","guid":{"rendered":"http:\/\/www.so-helo.com\/mariage\/blog\/?p=1867"},"modified":"2012-09-04T06:00:14","modified_gmt":"2012-09-04T06:00:14","slug":"cest-la-rentree-de-retour-de-vacances","status":"publish","type":"post","link":"https:\/\/www.so-helo.com\/mariage\/blog\/2012\/09\/cest-la-rentree-de-retour-de-vacances\/","title":{"rendered":"C&rsquo;est la rentr\u00e9e..de retour de vacances"},"content":{"rendered":"<p>Voil\u00e0 c&rsquo;est fini! Dernier jour officiel de vacances pour les petits comme les grands ;)<\/p>\n<p>Toutes les bonnes choses ont une fin et c&rsquo;est avec le sourir jusqu&rsquo;aux oreilles et en pleine forme que je reviens \u00e0 Paris!<\/p>\n<p>Les vacances ont commenc\u00e9 doucement en province o\u00f9 j&rsquo;ai profit\u00e9 des conseils avis\u00e9s de ma maman ( on a toujours besoin d&rsquo;une maman m\u00eame \u00e9tant une cr\u00e9atrice de 30 ans ^^) pour \u00e9tudier et concevoir le 1er voile So H\u00e9lo!<\/p>\n<p><a href=\"https:\/\/www.so-helo.com\/mariage\/blog\/wp-content\/uploads\/2012\/09\/418888_429830263735725_1876481116_n.jpeg\"><img loading=\"lazy\" decoding=\"async\" class=\"wp-image-1875 aligncenter\" title=\"voile mari\u00e9e en dentelle de Calais brod\u00e9e \u00e0 la main de perles et cristaux\" src=\"https:\/\/www.so-helo.com\/mariage\/blog\/wp-content\/uploads\/2012\/09\/418888_429830263735725_1876481116_n.jpeg\" alt=\"voile mari\u00e9e en dentelle de Calais brod\u00e9e \u00e0 la main de perles et cristaux\" width=\"396\" height=\"396\" srcset=\"https:\/\/www.so-helo.com\/mariage\/blog\/wp-content\/uploads\/2012\/09\/418888_429830263735725_1876481116_n.jpeg 612w, https:\/\/www.so-helo.com\/mariage\/blog\/wp-content\/uploads\/2012\/09\/418888_429830263735725_1876481116_n-150x150.jpg 150w, https:\/\/www.so-helo.com\/mariage\/blog\/wp-content\/uploads\/2012\/09\/418888_429830263735725_1876481116_n-300x300.jpg 300w\" sizes=\"(max-width: 396px) 100vw, 396px\" \/><\/a>\u00a0 \u00a0<a href=\"https:\/\/www.so-helo.com\/mariage\/blog\/wp-content\/uploads\/2012\/09\/photo-62.jpg\"><img loading=\"lazy\" decoding=\"async\" class=\"wp-image-1876 aligncenter\" title=\"voile de mari\u00e9e boh\u00e8me et r\u00e9tro en dentelle de Calais fait main\" src=\"https:\/\/www.so-helo.com\/mariage\/blog\/wp-content\/uploads\/2012\/09\/photo-62.jpg\" alt=\"voile de mari\u00e9e boh\u00e8me et r\u00e9tro en dentelle de Calais fait main\" width=\"422\" height=\"422\" srcset=\"https:\/\/www.so-helo.com\/mariage\/blog\/wp-content\/uploads\/2012\/09\/photo-62.jpg 469w, https:\/\/www.so-helo.com\/mariage\/blog\/wp-content\/uploads\/2012\/09\/photo-62-150x150.jpg 150w, https:\/\/www.so-helo.com\/mariage\/blog\/wp-content\/uploads\/2012\/09\/photo-62-300x300.jpg 300w\" sizes=\"(max-width: 422px) 100vw, 422px\" \/><\/a><\/p>\n<p>C&rsquo;est donc sous l&rsquo;air champ\u00eatre et boh\u00e8me du Limousin qu&rsquo;est n\u00e9 ce <a title=\"Un voile de mari\u00e9e \u00e0 l\u2019esprit r\u00e9tro et boh\u00e8me en dentelle de Calais brod\u00e9e {pr\u00e9view nouvelle collection}\" href=\"https:\/\/www.so-helo.com\/mariage\/blog\/2012\/08\/un-voile-de-mariee-a-lesprit-retro-et-boheme-en-dentelle-de-calais-brodee-forme-bandeau\/\">joli voile en tulle de soie et\u00a0dentelle de Calais<\/a> brod\u00e9e \u00e0 la main de perles et cristaux.<\/p>\n<p>Vous le retrouverez dans la prochaine collection avec 2 autres mod\u00e8les r\u00e9tros et raffin\u00e9s tout aussi d\u00e9licat!<\/p>\n<p>Les vacances ont continu\u00e9 \u00e0 Marseille o\u00f9 bouillabaisse au port des Goudes et fish p\u00e9dicure dans le quartier du panier nous laisseront de jolis souvenirs&#8230;<\/p>\n<p><img loading=\"lazy\" decoding=\"async\" class=\"wp-image-1873 aligncenter\" title=\"Les goudes Marseille\" src=\"https:\/\/www.so-helo.com\/mariage\/blog\/wp-content\/uploads\/2012\/09\/574654_433435326708552_1415180416_n.jpeg\" alt=\"\" width=\"432\" height=\"432\" srcset=\"https:\/\/www.so-helo.com\/mariage\/blog\/wp-content\/uploads\/2012\/09\/574654_433435326708552_1415180416_n.jpeg 720w, https:\/\/www.so-helo.com\/mariage\/blog\/wp-content\/uploads\/2012\/09\/574654_433435326708552_1415180416_n-150x150.jpg 150w, https:\/\/www.so-helo.com\/mariage\/blog\/wp-content\/uploads\/2012\/09\/574654_433435326708552_1415180416_n-300x300.jpg 300w\" sizes=\"(max-width: 432px) 100vw, 432px\" \/>\u00a0 \u00a0<img loading=\"lazy\" decoding=\"async\" class=\"wp-image-1871 aligncenter\" style=\"border-style: initial; border-color: initial; border-width: 0px;\" title=\"Fish p\u00e9dicure \u00e0 Marseille\" src=\"https:\/\/www.so-helo.com\/mariage\/blog\/wp-content\/uploads\/2012\/09\/549627_433285066723578_128868117_n.jpeg\" alt=\"\" width=\"432\" height=\"432\" srcset=\"https:\/\/www.so-helo.com\/mariage\/blog\/wp-content\/uploads\/2012\/09\/549627_433285066723578_128868117_n.jpeg 720w, https:\/\/www.so-helo.com\/mariage\/blog\/wp-content\/uploads\/2012\/09\/549627_433285066723578_128868117_n-150x150.jpg 150w, https:\/\/www.so-helo.com\/mariage\/blog\/wp-content\/uploads\/2012\/09\/549627_433285066723578_128868117_n-300x300.jpg 300w\" sizes=\"(max-width: 432px) 100vw, 432px\" \/><\/p>\n<p>C&rsquo;est t\u00f4t le matin suivant que nous avons embarqu\u00e9 en famille sur le ferry direction l&rsquo;\u00eele de Beaut\u00e9!<\/p>\n<p>Le soleil \u00e9tait au rendez-vous et nous avons fait le plein de chaleur et de bonne humeur pour l&rsquo;ann\u00e9e scolaire qui d\u00e9bute!<\/p>\n<p><img loading=\"lazy\" decoding=\"async\" class=\"wp-image-1874 aligncenter\" title=\"Ch\u00e2teau d'If Marseille\" src=\"https:\/\/www.so-helo.com\/mariage\/blog\/wp-content\/uploads\/2012\/09\/574893_433574996694585_1052795556_n.jpeg\" alt=\"\" width=\"440\" height=\"440\" srcset=\"https:\/\/www.so-helo.com\/mariage\/blog\/wp-content\/uploads\/2012\/09\/574893_433574996694585_1052795556_n.jpeg 612w, https:\/\/www.so-helo.com\/mariage\/blog\/wp-content\/uploads\/2012\/09\/574893_433574996694585_1052795556_n-150x150.jpg 150w, https:\/\/www.so-helo.com\/mariage\/blog\/wp-content\/uploads\/2012\/09\/574893_433574996694585_1052795556_n-300x300.jpg 300w\" sizes=\"(max-width: 440px) 100vw, 440px\" \/><a href=\"https:\/\/www.so-helo.com\/mariage\/blog\/wp-content\/uploads\/2012\/09\/562937_433974443321307_82365500_n.jpeg\"><img loading=\"lazy\" decoding=\"async\" class=\"wp-image-1872 aligncenter\" style=\"border-style: initial; border-color: initial; border-width: 0px;\" title=\"Port de Bastia Corse\" src=\"https:\/\/www.so-helo.com\/mariage\/blog\/wp-content\/uploads\/2012\/09\/562937_433974443321307_82365500_n.jpeg\" alt=\"\" width=\"440\" height=\"440\" srcset=\"https:\/\/www.so-helo.com\/mariage\/blog\/wp-content\/uploads\/2012\/09\/562937_433974443321307_82365500_n.jpeg 612w, https:\/\/www.so-helo.com\/mariage\/blog\/wp-content\/uploads\/2012\/09\/562937_433974443321307_82365500_n-150x150.jpg 150w, https:\/\/www.so-helo.com\/mariage\/blog\/wp-content\/uploads\/2012\/09\/562937_433974443321307_82365500_n-300x300.jpg 300w\" sizes=\"(max-width: 440px) 100vw, 440px\" \/><\/a><\/p>\n<p>C&rsquo;est aussi par hasard (et surtout gr\u00e2ce \u00e0 Facebook) que nous avons rencontr\u00e9 Pauline la cr\u00e9atrice des bijoux <a href=\"http:\/\/www.les-fantaisies-de-leonie.fr\/\">\u00ab\u00a0Les fantaisies de L\u00e9onie\u00a0\u00bb<\/a> et sa petite famille!<\/p>\n<p>Elle aussi partie d\u00e9couvrir les beaux paysages et les divines plages de Corse&#8230;<\/p>\n<p><img loading=\"lazy\" decoding=\"async\" class=\"wp-image-1868 aligncenter\" title=\"plage corse St Florent\" src=\"https:\/\/www.so-helo.com\/mariage\/blog\/wp-content\/uploads\/2012\/09\/426704_434406939944724_610948565_n.jpeg\" alt=\"\" width=\"432\" height=\"432\" srcset=\"https:\/\/www.so-helo.com\/mariage\/blog\/wp-content\/uploads\/2012\/09\/426704_434406939944724_610948565_n.jpeg 720w, https:\/\/www.so-helo.com\/mariage\/blog\/wp-content\/uploads\/2012\/09\/426704_434406939944724_610948565_n-150x150.jpg 150w, https:\/\/www.so-helo.com\/mariage\/blog\/wp-content\/uploads\/2012\/09\/426704_434406939944724_610948565_n-300x300.jpg 300w\" sizes=\"(max-width: 432px) 100vw, 432px\" \/>\u00a0\u00a0<img loading=\"lazy\" decoding=\"async\" class=\"wp-image-1869 aligncenter\" style=\"border-style: initial; border-color: initial; border-width: 0px;\" title=\"cartes postales\" src=\"https:\/\/www.so-helo.com\/mariage\/blog\/wp-content\/uploads\/2012\/09\/539234_435449403173811_1085215399_n.jpeg\" alt=\"\" width=\"440\" height=\"440\" srcset=\"https:\/\/www.so-helo.com\/mariage\/blog\/wp-content\/uploads\/2012\/09\/539234_435449403173811_1085215399_n.jpeg 612w, https:\/\/www.so-helo.com\/mariage\/blog\/wp-content\/uploads\/2012\/09\/539234_435449403173811_1085215399_n-150x150.jpg 150w, https:\/\/www.so-helo.com\/mariage\/blog\/wp-content\/uploads\/2012\/09\/539234_435449403173811_1085215399_n-300x300.jpg 300w\" sizes=\"(max-width: 440px) 100vw, 440px\" \/><\/p>\n<p>Ces 5 jours sont pass\u00e9s \u00e0 une vitesse folle mais nous avons profit\u00e9 \u00e0 100% de toutes les richesses de l&rsquo;\u00eele (y compris de la bonne charcuterie, des vins et du fromage :) ) et tout cela en famille. De retour \u00e0 Paris hier soir , les batteries pleines et recharg\u00e9es !<\/p>\n<p>La saison des mariages se calme mais n&rsquo;est pas finie! Du travail en perspective pour les brides de Septembre, octobre&#8230;et 2013 ainsi que 2014 ( oui oui certaines sont tr\u00e8s tr\u00e8s en avance ^^) . Et puis la nouvelle collection \u00e0 pr\u00e9parer, sans oublier <a href=\"https:\/\/www.so-helo.com\/mariage\/blog\/2012\/07\/les-bijoux-et-accessoires-de-mariage-so-helo-a-la-recherche-de-leurs-nouvelles-egeries-casting\/\">le shooting de novembre<\/a> \u00e0 finir d&rsquo;organiser ainsi que des collaborations \u00e0 travailler pour de futurs shootings d&rsquo;inspirations&#8230; mais je ne vous en dis pas plus.<br \/>\nCela promet une actualit\u00e9 riche dans les prochains mois !<\/p>\n<p>\u00c0 suivre bien entendu sur <a href=\"https:\/\/www.facebook.com\/bijouxmariage\">Facebook<\/a> et sur le blog !<\/p>\n<p>Xo,<\/p>\n<p><a href=\"https:\/\/www.so-helo.com\/mariage\/blog\/wp-content\/uploads\/2012\/07\/H\u00e9lo1.jpg\"><img loading=\"lazy\" decoding=\"async\" class=\"alignnone size-full wp-image-1704\" title=\"H\u00e9lo\" src=\"https:\/\/www.so-helo.com\/mariage\/blog\/wp-content\/uploads\/2012\/07\/H\u00e9lo1.jpg\" alt=\"\" width=\"150\" height=\"70\" \/><\/a><\/p>\n","protected":false},"excerpt":{"rendered":"<p>Voil\u00e0 c&rsquo;est fini! Dernier jour officiel de vacances pour les petits comme les grands ;) Toutes les bonnes choses ont une fin et c&rsquo;est avec le sourir jusqu&rsquo;aux oreilles et en pleine forme que je reviens \u00e0 Paris! Les vacances ont commenc\u00e9 doucement en province o\u00f9 j&rsquo;ai profit\u00e9 des conseils avis\u00e9s de ma maman (&hellip;<\/p>\n","protected":false},"author":1,"featured_media":1884,"comment_status":"open","ping_status":"open","sticky":false,"template":"","format":"standard","meta":{"footnotes":""},"categories":[10],"tags":[253,248,249,246,247,245],"_links":{"self":[{"href":"https:\/\/www.so-helo.com\/mariage\/blog\/wp-json\/wp\/v2\/posts\/1867"}],"collection":[{"href":"https:\/\/www.so-helo.com\/mariage\/blog\/wp-json\/wp\/v2\/posts"}],"about":[{"href":"https:\/\/www.so-helo.com\/mariage\/blog\/wp-json\/wp\/v2\/types\/post"}],"author":[{"embeddable":true,"href":"https:\/\/www.so-helo.com\/mariage\/blog\/wp-json\/wp\/v2\/users\/1"}],"replies":[{"embeddable":true,"href":"https:\/\/www.so-helo.com\/mariage\/blog\/wp-json\/wp\/v2\/comments?post=1867"}],"version-history":[{"count":12,"href":"https:\/\/www.so-helo.com\/mariage\/blog\/wp-json\/wp\/v2\/posts\/1867\/revisions"}],"predecessor-version":[{"id":1890,"href":"https:\/\/www.so-helo.com\/mariage\/blog\/wp-json\/wp\/v2\/posts\/1867\/revisions\/1890"}],"wp:featuredmedia":[{"embeddable":true,"href":"https:\/\/www.so-helo.com\/mariage\/blog\/wp-json\/wp\/v2\/media\/1884"}],"wp:attachment":[{"href":"https:\/\/www.so-helo.com\/mariage\/blog\/wp-json\/wp\/v2\/media?parent=1867"}],"wp:term":[{"taxonomy":"category","embeddable":true,"href":"https:\/\/www.so-helo.com\/mariage\/blog\/wp-json\/wp\/v2\/categories?post=1867"},{"taxonomy":"post_tag","embeddable":true,"href":"https:\/\/www.so-helo.com\/mariage\/blog\/wp-json\/wp\/v2\/tags?post=1867"}],"curies":[{"name":"wp","href":"https:\/\/api.w.org\/{rel}","templated":true}]}}