{"id":2446,"date":"2013-02-05T07:48:35","date_gmt":"2013-02-05T07:48:35","guid":{"rendered":"http:\/\/www.so-helo.com\/mariage\/blog\/?p=2446"},"modified":"2014-12-02T10:28:55","modified_gmt":"2014-12-02T10:28:55","slug":"retour-sur-les-noceuses","status":"publish","type":"post","link":"https:\/\/www.so-helo.com\/mariage\/blog\/2013\/02\/retour-sur-les-noceuses\/","title":{"rendered":"Retour sur \u00ab\u00a0Les Noceuses\u00a0\u00bb"},"content":{"rendered":"<p>Aujourd&rsquo;hui, c&rsquo;est avec plaisir que je partage avec vous les jolies images prises par <a href=\"http:\/\/trendz.fr\/\" target=\"_blank\">Trendz Photograph<\/a>y\u00a0lors de la journ\u00e9e des Noceuses organis\u00e9e par <a href=\"http:\/\/www.ludivinelessalons-danses.com\/\" target=\"_blank\">Ludivine, Les Salons<\/a>.<\/p>\n<p>Retour donc il y a quelques mois, dans l&rsquo;<a href=\"http:\/\/www.ludivinelessalons-danses.com\/\" target=\"_blank\">\u00e9cole de danse de Ludivine<\/a> o\u00f9 12 futures mari\u00e9es ont profit\u00e9 d&rsquo;une journ\u00e9e unique de chouchoutage et de conseils pour leur joli jour.<\/p>\n<p><img loading=\"lazy\" decoding=\"async\" class=\"wp-image-2452 aligncenter\" title=\"coiffure les noceuses\" src=\"https:\/\/www.so-helo.com\/mariage\/blog\/wp-content\/uploads\/2013\/02\/coiffure-les-noceuses.jpg\" alt=\"\" width=\"577\" height=\"864\" srcset=\"https:\/\/www.so-helo.com\/mariage\/blog\/wp-content\/uploads\/2013\/02\/coiffure-les-noceuses.jpg 641w, https:\/\/www.so-helo.com\/mariage\/blog\/wp-content\/uploads\/2013\/02\/coiffure-les-noceuses-200x300.jpg 200w\" sizes=\"(max-width: 577px) 100vw, 577px\" \/><\/p>\n<p>Myriam, H\u00e9l\u00e8ne, Emilie, Camille, Amandine, M\u00e9jia et les 6 autres princesses d&rsquo;un jour ont v\u00e9cu une journ\u00e9e magique en notre compagnie. Rires, et larmes (et oui!) se sont m\u00eal\u00e9s aux dentelles et fleurs de soie&#8230;<\/p>\n<p><img loading=\"lazy\" decoding=\"async\" class=\"wp-image-2453 aligncenter\" title=\"coiffure mari\u00e9e avec accessoire\" src=\"https:\/\/www.so-helo.com\/mariage\/blog\/wp-content\/uploads\/2013\/02\/coiffure-mari\u00e9e-avec-accessoire.jpg\" alt=\"\" width=\"576\" height=\"385\" srcset=\"https:\/\/www.so-helo.com\/mariage\/blog\/wp-content\/uploads\/2013\/02\/coiffure-mari\u00e9e-avec-accessoire.jpg 960w, https:\/\/www.so-helo.com\/mariage\/blog\/wp-content\/uploads\/2013\/02\/coiffure-mari\u00e9e-avec-accessoire-300x200.jpg 300w, https:\/\/www.so-helo.com\/mariage\/blog\/wp-content\/uploads\/2013\/02\/coiffure-mari\u00e9e-avec-accessoire-281x188.jpg 281w\" sizes=\"(max-width: 576px) 100vw, 576px\" \/><\/p>\n<p style=\"text-align: center;\"><a href=\"http:\/\/www.so-helo.com\/mariage\/284-headband-r%C3%A9tro-charline-avec-motif-en-cristal-.html\" target=\"_blank\">Serre t\u00eate \u00ab\u00a0Charline\u00a0\u00bb<\/a><\/p>\n<p><a href=\"https:\/\/www.so-helo.com\/mariage\/blog\/wp-content\/uploads\/2013\/02\/accessoire-mise-en-place-coiffure-mari\u00e9e.jpg\"><img loading=\"lazy\" decoding=\"async\" class=\"wp-image-2447 aligncenter\" style=\"border-style: initial; border-color: initial; display: block; margin-left: auto; margin-right: auto; border-width: 0px;\" title=\"accessoire mise en place coiffure mari\u00e9e\" src=\"https:\/\/www.so-helo.com\/mariage\/blog\/wp-content\/uploads\/2013\/02\/accessoire-mise-en-place-coiffure-mari\u00e9e.jpg\" alt=\"\" width=\"576\" height=\"385\" srcset=\"https:\/\/www.so-helo.com\/mariage\/blog\/wp-content\/uploads\/2013\/02\/accessoire-mise-en-place-coiffure-mari\u00e9e.jpg 960w, https:\/\/www.so-helo.com\/mariage\/blog\/wp-content\/uploads\/2013\/02\/accessoire-mise-en-place-coiffure-mari\u00e9e-300x200.jpg 300w, https:\/\/www.so-helo.com\/mariage\/blog\/wp-content\/uploads\/2013\/02\/accessoire-mise-en-place-coiffure-mari\u00e9e-281x188.jpg 281w\" sizes=\"(max-width: 576px) 100vw, 576px\" \/><\/a><\/p>\n<p style=\"text-align: center;\"><a href=\"http:\/\/www.so-helo.com\/mariage\/454-ornement-de-cheveux-mari%C3%A9e-ludivine-avec-fleur-et-cristaux.html\" target=\"_blank\">Ornement chignon \u00ab\u00a0Ludivine\u00a0\u00bb avec fleurs de satin et cristaux<\/a><\/p>\n<p><img loading=\"lazy\" decoding=\"async\" class=\"wp-image-2448 aligncenter\" title=\"bandeau r\u00e9tro boh\u00e8me sisal so h\u00e9lo\" src=\"https:\/\/www.so-helo.com\/mariage\/blog\/wp-content\/uploads\/2013\/02\/bandeau-r\u00e9tro-boh\u00e8me-sisal-so-h\u00e9lo.jpg\" alt=\"\" width=\"577\" height=\"864\" srcset=\"https:\/\/www.so-helo.com\/mariage\/blog\/wp-content\/uploads\/2013\/02\/bandeau-r\u00e9tro-boh\u00e8me-sisal-so-h\u00e9lo.jpg 641w, https:\/\/www.so-helo.com\/mariage\/blog\/wp-content\/uploads\/2013\/02\/bandeau-r\u00e9tro-boh\u00e8me-sisal-so-h\u00e9lo-200x300.jpg 200w\" sizes=\"(max-width: 577px) 100vw, 577px\" \/><\/p>\n<p style=\"text-align: center;\"><a href=\"http:\/\/www.so-helo.com\/mariage\/434-augustine-bandeau-r%C3%A9tro-de-mari%C3%A9e-en-sisal-avec-dentelle-de-calais-.html\" target=\"_blank\">Bandeau en sisal \u00ab\u00a0Augustine\u00a0\u00bb<\/a><\/p>\n<p><img loading=\"lazy\" decoding=\"async\" class=\"wp-image-2458 aligncenter\" title=\"voile pirate boh\u00e8me so h\u00e9lo et robe st\u00e9phanie wolff\" src=\"https:\/\/www.so-helo.com\/mariage\/blog\/wp-content\/uploads\/2013\/02\/voile-pirate-boh\u00e8me-so-h\u00e9lo-et-robe-st\u00e9phanie-wolff.jpg\" alt=\"\" width=\"577\" height=\"864\" srcset=\"https:\/\/www.so-helo.com\/mariage\/blog\/wp-content\/uploads\/2013\/02\/voile-pirate-boh\u00e8me-so-h\u00e9lo-et-robe-st\u00e9phanie-wolff.jpg 641w, https:\/\/www.so-helo.com\/mariage\/blog\/wp-content\/uploads\/2013\/02\/voile-pirate-boh\u00e8me-so-h\u00e9lo-et-robe-st\u00e9phanie-wolff-200x300.jpg 200w\" sizes=\"(max-width: 577px) 100vw, 577px\" \/><\/p>\n<p style=\"text-align: center;\"><a href=\"http:\/\/www.so-helo.com\/mariage\/396-c%C3%A9lia-voile-de-mari%C3%A9e-boh%C3%A8me-en-plumetis-et-dentelle-esprit-pirate.html\" target=\"_blank\">Voile boh\u00e8me style pirate en plumetis , dentelle de Calais et fleurs faites main \u00a0\u00bb C\u00e9lia\u00a0\u00bb<\/a><\/p>\n<p><img loading=\"lazy\" decoding=\"async\" class=\"wp-image-2451 aligncenter\" title=\"bonnet dentelle so h\u00e9lo et robe st\u00e9phanie wolff\" src=\"https:\/\/www.so-helo.com\/mariage\/blog\/wp-content\/uploads\/2013\/02\/bonnet-dentelle-so-h\u00e9lo-et-robe-st\u00e9phanie-wolff.jpg\" alt=\"\" width=\"577\" height=\"864\" srcset=\"https:\/\/www.so-helo.com\/mariage\/blog\/wp-content\/uploads\/2013\/02\/bonnet-dentelle-so-h\u00e9lo-et-robe-st\u00e9phanie-wolff.jpg 641w, https:\/\/www.so-helo.com\/mariage\/blog\/wp-content\/uploads\/2013\/02\/bonnet-dentelle-so-h\u00e9lo-et-robe-st\u00e9phanie-wolff-200x300.jpg 200w\" sizes=\"(max-width: 577px) 100vw, 577px\" \/><\/p>\n<p style=\"text-align: center;\"><a href=\"http:\/\/www.so-helo.com\/mariage\/405-angeline-bonnet-de-mari%C3%A9e-r%C3%A9tro-et-boh%C3%A8me-en-dentelle-et-fleurs-de-soie.html\" target=\"_blank\">Bonnet de dentelle \u00ab\u00a0Angeline\u00a0\u00bb<\/a><\/p>\n<p><a href=\"https:\/\/www.so-helo.com\/mariage\/blog\/wp-content\/uploads\/2013\/02\/bibi-avec-voilette-plumes-et-cristaux-so-h\u00e9lo.jpg\"><img loading=\"lazy\" decoding=\"async\" class=\"wp-image-2450 aligncenter\" style=\"border-style: initial; border-color: initial; display: block; margin-left: auto; margin-right: auto; border-width: 0px;\" title=\"bibi avec voilette plumes et cristaux so h\u00e9lo\" src=\"https:\/\/www.so-helo.com\/mariage\/blog\/wp-content\/uploads\/2013\/02\/bibi-avec-voilette-plumes-et-cristaux-so-h\u00e9lo.jpg\" alt=\"\" width=\"576\" height=\"385\" srcset=\"https:\/\/www.so-helo.com\/mariage\/blog\/wp-content\/uploads\/2013\/02\/bibi-avec-voilette-plumes-et-cristaux-so-h\u00e9lo.jpg 960w, https:\/\/www.so-helo.com\/mariage\/blog\/wp-content\/uploads\/2013\/02\/bibi-avec-voilette-plumes-et-cristaux-so-h\u00e9lo-300x200.jpg 300w, https:\/\/www.so-helo.com\/mariage\/blog\/wp-content\/uploads\/2013\/02\/bibi-avec-voilette-plumes-et-cristaux-so-h\u00e9lo-281x188.jpg 281w\" sizes=\"(max-width: 576px) 100vw, 576px\" \/><\/a><\/p>\n<p style=\"text-align: center;\"><a href=\"http:\/\/www.so-helo.com\/mariage\/253-ornement-de-cheveux-mari%C3%A9e-r%C3%A9tro-fascinator-no%C3%A9mie-avec-plumes-et-voilette.html\" target=\"_blank\">Bibi avec plumes, strass et voilette \u00ab\u00a0No\u00e9mie\u00a0\u00bb<\/a><\/p>\n<p><img loading=\"lazy\" decoding=\"async\" class=\"wp-image-2454 aligncenter\" title=\"couronne de fleurs mari\u00e9e so h\u00e9lo\" src=\"https:\/\/www.so-helo.com\/mariage\/blog\/wp-content\/uploads\/2013\/02\/couronne-de-fleurs-mari\u00e9e-so-h\u00e9lo.jpg\" alt=\"\" width=\"577\" height=\"864\" srcset=\"https:\/\/www.so-helo.com\/mariage\/blog\/wp-content\/uploads\/2013\/02\/couronne-de-fleurs-mari\u00e9e-so-h\u00e9lo.jpg 641w, https:\/\/www.so-helo.com\/mariage\/blog\/wp-content\/uploads\/2013\/02\/couronne-de-fleurs-mari\u00e9e-so-h\u00e9lo-200x300.jpg 200w\" sizes=\"(max-width: 577px) 100vw, 577px\" \/><\/p>\n<p style=\"text-align: center;\"><a href=\"http:\/\/www.so-helo.com\/mariage\/431-capucine-couronne-de-mari%C3%A9e-avec-rose-fleurs-faites-main-et-feuillage.html\" target=\"_blank\">Couronne de fleurs faites-main \u00ab\u00a0Capucine\u00a0\u00bb<\/a><\/p>\n<p><img loading=\"lazy\" decoding=\"async\" class=\"wp-image-2456 aligncenter\" title=\"sautoir mari\u00e9e petites fleurs\" src=\"https:\/\/www.so-helo.com\/mariage\/blog\/wp-content\/uploads\/2013\/02\/sautoir-mari\u00e9e-petites-fleurs.jpg\" alt=\"\" width=\"576\" height=\"385\" srcset=\"https:\/\/www.so-helo.com\/mariage\/blog\/wp-content\/uploads\/2013\/02\/sautoir-mari\u00e9e-petites-fleurs.jpg 960w, https:\/\/www.so-helo.com\/mariage\/blog\/wp-content\/uploads\/2013\/02\/sautoir-mari\u00e9e-petites-fleurs-300x200.jpg 300w, https:\/\/www.so-helo.com\/mariage\/blog\/wp-content\/uploads\/2013\/02\/sautoir-mari\u00e9e-petites-fleurs-281x188.jpg 281w\" sizes=\"(max-width: 576px) 100vw, 576px\" \/><\/p>\n<p style=\"text-align: center;\"><a href=\"http:\/\/www.so-helo.com\/mariage\/161-fraicheur-sautoir-mari%C3%A9e-boh%C3%A8me-%C3%A0-petites-fleurs.html\" target=\"_blank\">Sautoir \u00ab\u00a0Fraicheur\u00a0\u00bb avec petites fleurs au coeur nacr\u00e9e<\/a><\/p>\n<p><img loading=\"lazy\" decoding=\"async\" class=\"wp-image-2457 aligncenter\" title=\"voile mari\u00e9e so h\u00e9lo en dentelle\" src=\"https:\/\/www.so-helo.com\/mariage\/blog\/wp-content\/uploads\/2013\/02\/voile-mari\u00e9e-so-h\u00e9lo-en-dentelle.jpg\" alt=\"\" width=\"576\" height=\"385\" srcset=\"https:\/\/www.so-helo.com\/mariage\/blog\/wp-content\/uploads\/2013\/02\/voile-mari\u00e9e-so-h\u00e9lo-en-dentelle.jpg 960w, https:\/\/www.so-helo.com\/mariage\/blog\/wp-content\/uploads\/2013\/02\/voile-mari\u00e9e-so-h\u00e9lo-en-dentelle-300x200.jpg 300w, https:\/\/www.so-helo.com\/mariage\/blog\/wp-content\/uploads\/2013\/02\/voile-mari\u00e9e-so-h\u00e9lo-en-dentelle-281x188.jpg 281w\" sizes=\"(max-width: 576px) 100vw, 576px\" \/><\/p>\n<p style=\"text-align: center;\"><a href=\"http:\/\/www.so-helo.com\/mariage\/397-louise-voile-de-mari%C3%A9e-r%C3%A9tro-en-tulle-de-soie-et-dentelle-brod%C3%A9e-de-perles.html\" target=\"_blank\">Voile de mari\u00e9e \u00ab\u00a0Louise\u00a0\u00bb en tulle de soie avec dentelle de Calais\u00a0<\/a><\/p>\n<p><img loading=\"lazy\" decoding=\"async\" class=\"wp-image-2455 aligncenter\" title=\"couronne mari\u00e9e so h\u00e9lo\" src=\"https:\/\/www.so-helo.com\/mariage\/blog\/wp-content\/uploads\/2013\/02\/couronne-mari\u00e9e-so-h\u00e9lo.jpg\" alt=\"\" width=\"577\" height=\"864\" srcset=\"https:\/\/www.so-helo.com\/mariage\/blog\/wp-content\/uploads\/2013\/02\/couronne-mari\u00e9e-so-h\u00e9lo.jpg 641w, https:\/\/www.so-helo.com\/mariage\/blog\/wp-content\/uploads\/2013\/02\/couronne-mari\u00e9e-so-h\u00e9lo-200x300.jpg 200w\" sizes=\"(max-width: 577px) 100vw, 577px\" \/><\/p>\n<p style=\"text-align: center;\"><a href=\"http:\/\/www.so-helo.com\/mariage\/432-blanche-couronne-de-mari%C3%A9e-avec-fleurs-de-coton-et-feuillage.html\" target=\"_blank\">Couronne de feuilles et de fleurs de coton \u00ab\u00a0Blanche\u00a0\u00bb<\/a><\/p>\n<p><img loading=\"lazy\" decoding=\"async\" class=\"wp-image-2449 aligncenter\" title=\"barrette r\u00e9tro so h\u00e9lo\" src=\"https:\/\/www.so-helo.com\/mariage\/blog\/wp-content\/uploads\/2013\/02\/barrette-r\u00e9tro-so-h\u00e9lo.jpg\" alt=\"\" width=\"577\" height=\"864\" srcset=\"https:\/\/www.so-helo.com\/mariage\/blog\/wp-content\/uploads\/2013\/02\/barrette-r\u00e9tro-so-h\u00e9lo.jpg 641w, https:\/\/www.so-helo.com\/mariage\/blog\/wp-content\/uploads\/2013\/02\/barrette-r\u00e9tro-so-h\u00e9lo-200x300.jpg 200w\" sizes=\"(max-width: 577px) 100vw, 577px\" \/><\/p>\n<p style=\"text-align: center;\"><a href=\"http:\/\/www.so-helo.com\/mariage\/250-ornement-de-cheveux-mari%C3%A9e-r%C3%A9tro-fascinator-l%C3%A9a-avec-cristaux.html\" target=\"_blank\">Barrette \u00ab\u00a0L\u00e9a\u00a0\u00bb <\/a>et <a href=\"http:\/\/www.so-helo.com\/mariage\/408-bracelet-mariage-eug%C3%A9nie-avec-perles-nacr%C3%A9es-et-perles-de-cristal.html\" target=\"_blank\">bracelet de perles et cristaux \u00a0\u00bb Eug\u00e9nie\u00a0\u00bb<\/a><\/p>\n<p style=\"text-align: left;\"><a href=\"http:\/\/www.lesmariagesdecolleen.com\/\" target=\"_blank\">Les mariages de Coleen<\/a>\u00a0\u00e9tait l\u00e0 pour les guider dans leur organisation, l&rsquo;institut\u00a0<a href=\"http:\/\/www.unebellejournee.fr\/\" target=\"_blank\">Une belle journ\u00e9e<\/a>\u00a0pour la mise en beaut\u00e9 des heureuses \u00e9lues, les chaussures d&rsquo;<a href=\"http:\/\/alixdelaforest.com\/\" target=\"_blank\">Alix de la Forest<\/a>\u00a0et les magnifiques robes de\u00a0<a href=\"http:\/\/www.stephaniewolff.net\/#!__collection-2013\" target=\"_blank\">St\u00e9phanie Wolff\u00a0<\/a>pour les sublimer et bien s\u00fbr la petite touche\u00a0<a href=\"http:\/\/www.so-helo.com\/mariage\/\" target=\"_blank\">So H\u00e9lo<\/a>\u00a0pour les rendre divine!<\/p>\n<p style=\"text-align: left;\">D&rsquo;autres photos sont visibles sur la page fan Facebook <a href=\"https:\/\/www.facebook.com\/pages\/Les-Noceuses\/374952729256867\" target=\"_blank\">\u00ab\u00a0Les noceuses\u00a0\u00bb<\/a>, n&rsquo;h\u00e9sitez pas \u00e0 y faire un petit tour ;)<\/p>\n<p style=\"text-align: left;\">Un grand merci \u00e0 Ludivine pour son organisation sans faille, \u00e0 toute l&rsquo;\u00e9quipe de prestataires qui a su rendre cette journ\u00e9e unique et enrichissante et aux futures mari\u00e9es pour leurs sourires radieux qui restent encore au fond de mon coeur.<\/p>\n<p>&nbsp;<\/p>\n<p>&nbsp;<\/p>\n","protected":false},"excerpt":{"rendered":"<p>Aujourd&rsquo;hui, c&rsquo;est avec plaisir que je partage avec vous les jolies images prises par Trendz Photography\u00a0lors de la journ\u00e9e des Noceuses organis\u00e9e par Ludivine, Les Salons. Retour donc il y a quelques mois, dans l&rsquo;\u00e9cole de danse de Ludivine o\u00f9 12 futures mari\u00e9es ont profit\u00e9 d&rsquo;une journ\u00e9e unique de chouchoutage et de conseils pour leur&hellip;<\/p>\n","protected":false},"author":1,"featured_media":2461,"comment_status":"open","ping_status":"open","sticky":false,"template":"","format":"standard","meta":{"footnotes":""},"categories":[9,8,412],"tags":[349,347,263,147,282,346,348],"_links":{"self":[{"href":"https:\/\/www.so-helo.com\/mariage\/blog\/wp-json\/wp\/v2\/posts\/2446"}],"collection":[{"href":"https:\/\/www.so-helo.com\/mariage\/blog\/wp-json\/wp\/v2\/posts"}],"about":[{"href":"https:\/\/www.so-helo.com\/mariage\/blog\/wp-json\/wp\/v2\/types\/post"}],"author":[{"embeddable":true,"href":"https:\/\/www.so-helo.com\/mariage\/blog\/wp-json\/wp\/v2\/users\/1"}],"replies":[{"embeddable":true,"href":"https:\/\/www.so-helo.com\/mariage\/blog\/wp-json\/wp\/v2\/comments?post=2446"}],"version-history":[{"count":13,"href":"https:\/\/www.so-helo.com\/mariage\/blog\/wp-json\/wp\/v2\/posts\/2446\/revisions"}],"predecessor-version":[{"id":3746,"href":"https:\/\/www.so-helo.com\/mariage\/blog\/wp-json\/wp\/v2\/posts\/2446\/revisions\/3746"}],"wp:featuredmedia":[{"embeddable":true,"href":"https:\/\/www.so-helo.com\/mariage\/blog\/wp-json\/wp\/v2\/media\/2461"}],"wp:attachment":[{"href":"https:\/\/www.so-helo.com\/mariage\/blog\/wp-json\/wp\/v2\/media?parent=2446"}],"wp:term":[{"taxonomy":"category","embeddable":true,"href":"https:\/\/www.so-helo.com\/mariage\/blog\/wp-json\/wp\/v2\/categories?post=2446"},{"taxonomy":"post_tag","embeddable":true,"href":"https:\/\/www.so-helo.com\/mariage\/blog\/wp-json\/wp\/v2\/tags?post=2446"}],"curies":[{"name":"wp","href":"https:\/\/api.w.org\/{rel}","templated":true}]}}