{"id":3431,"date":"2014-01-07T21:45:58","date_gmt":"2014-01-07T21:45:58","guid":{"rendered":"http:\/\/www.so-helo.com\/mariage\/blog\/?p=3431"},"modified":"2014-01-21T11:45:59","modified_gmt":"2014-01-21T11:45:59","slug":"love-etc-so-helo-le-10-et-11-janvier","status":"publish","type":"post","link":"https:\/\/www.so-helo.com\/mariage\/blog\/2014\/01\/love-etc-so-helo-le-10-et-11-janvier\/","title":{"rendered":"{Love etc &#8211; So H\u00e9lo} le 10 et 11 Janvier"},"content":{"rendered":"<p>Il est le rendez-vous incontournable pour les futures mari\u00e9s et pour les prestataires du monde du mariage, la <a href=\"http:\/\/www.lovetc-event.fr\/\" target=\"_blank\">Love Etc<\/a> se tiendra en fin de semaine \u00e0 la Cours du Marais dans le 3\u00e8me arrondissement de Paris.<br \/>\nNotez bien cette nouvelle adresse et retrouvez tous les professionnels indispensables pour votre mariage. <a href=\"http:\/\/www.so-helo.com\" target=\"_blank\">So H\u00e9lo<\/a> fait partie de cette belle aventure et je serais ravie de papoter bijoux et accessoires de mariage avec vous ^^<\/p>\n<p><a href=\"https:\/\/www.so-helo.com\/mariage\/blog\/wp-content\/uploads\/2014\/01\/love-etc-so-helo1.jpg\"><img loading=\"lazy\" decoding=\"async\" class=\"alignnone size-full wp-image-3439\" title=\"love etc so helo\" src=\"https:\/\/www.so-helo.com\/mariage\/blog\/wp-content\/uploads\/2014\/01\/love-etc-so-helo1.jpg\" alt=\"love etc so helo\" width=\"600\" height=\"237\" srcset=\"https:\/\/www.so-helo.com\/mariage\/blog\/wp-content\/uploads\/2014\/01\/love-etc-so-helo1.jpg 600w, https:\/\/www.so-helo.com\/mariage\/blog\/wp-content\/uploads\/2014\/01\/love-etc-so-helo1-300x118.jpg 300w\" sizes=\"(max-width: 600px) 100vw, 600px\" \/><\/a><\/p>\n<p>Pour l&rsquo;occasion, je vous ai pr\u00e9par\u00e9 de nombreux accessoires cheveux ainsi que de jolis bijoux \u00e0 s&rsquo;offrir sur place!<br \/>\nSerre-t\u00eates, headbands, peignes et barrettes en cristal&#8230;<br \/>\n<a href=\"https:\/\/www.so-helo.com\/mariage\/blog\/wp-content\/uploads\/2014\/01\/accessoires-cheveux.jpg\"><img loading=\"lazy\" decoding=\"async\" class=\"alignnone size-full wp-image-3437\" title=\"accessoires cheveux mari\u00e9e\" src=\"https:\/\/www.so-helo.com\/mariage\/blog\/wp-content\/uploads\/2014\/01\/accessoires-cheveux.jpg\" alt=\"accessoires cheveux mari\u00e9e\" width=\"600\" height=\"834\" srcset=\"https:\/\/www.so-helo.com\/mariage\/blog\/wp-content\/uploads\/2014\/01\/accessoires-cheveux.jpg 600w, https:\/\/www.so-helo.com\/mariage\/blog\/wp-content\/uploads\/2014\/01\/accessoires-cheveux-215x300.jpg 215w\" sizes=\"(max-width: 600px) 100vw, 600px\" \/><\/a><\/p>\n<p><a href=\"https:\/\/www.so-helo.com\/mariage\/blog\/wp-content\/uploads\/2014\/01\/peigne-mari\u00e9e-r\u00e9tro-avec-perles-et-cristaux.jpg\"><img loading=\"lazy\" decoding=\"async\" class=\"alignnone size-full wp-image-3436\" title=\"peigne mari\u00e9e r\u00e9tro avec perles et cristaux\" src=\"https:\/\/www.so-helo.com\/mariage\/blog\/wp-content\/uploads\/2014\/01\/peigne-mari\u00e9e-r\u00e9tro-avec-perles-et-cristaux.jpg\" alt=\"peigne mari\u00e9e r\u00e9tro avec perles et cristaux\" width=\"600\" height=\"400\" srcset=\"https:\/\/www.so-helo.com\/mariage\/blog\/wp-content\/uploads\/2014\/01\/peigne-mari\u00e9e-r\u00e9tro-avec-perles-et-cristaux.jpg 600w, https:\/\/www.so-helo.com\/mariage\/blog\/wp-content\/uploads\/2014\/01\/peigne-mari\u00e9e-r\u00e9tro-avec-perles-et-cristaux-300x200.jpg 300w, https:\/\/www.so-helo.com\/mariage\/blog\/wp-content\/uploads\/2014\/01\/peigne-mari\u00e9e-r\u00e9tro-avec-perles-et-cristaux-281x188.jpg 281w\" sizes=\"(max-width: 600px) 100vw, 600px\" \/><\/a><\/p>\n<p>Mais aussi quelques nouveaut\u00e9s en exclusivit\u00e9 qui viendront compl\u00e9ter la gamme des boucles d&rsquo;oreilles et colliers\u00a0d\u00e9j\u00e0 disponibles en boutique.<br \/>\n<img loading=\"lazy\" decoding=\"async\" class=\"alignnone size-full wp-image-3434\" style=\"font-size: 13px; line-height: 19px;\" title=\"boucles d oreilles mariage\" src=\"https:\/\/www.so-helo.com\/mariage\/blog\/wp-content\/uploads\/2014\/01\/boucles-d-oreilles-mariage.jpg\" alt=\"boucles d oreilles mariage\" width=\"600\" height=\"900\" srcset=\"https:\/\/www.so-helo.com\/mariage\/blog\/wp-content\/uploads\/2014\/01\/boucles-d-oreilles-mariage.jpg 600w, https:\/\/www.so-helo.com\/mariage\/blog\/wp-content\/uploads\/2014\/01\/boucles-d-oreilles-mariage-200x300.jpg 200w\" sizes=\"(max-width: 600px) 100vw, 600px\" \/><\/p>\n<p><img loading=\"lazy\" decoding=\"async\" class=\"alignnone size-full wp-image-3435\" style=\"font-size: 13px; line-height: 19px;\" title=\"headband mariage cristal\" src=\"https:\/\/www.so-helo.com\/mariage\/blog\/wp-content\/uploads\/2014\/01\/headband-mariage-cristaljpg.jpg\" alt=\"headband mariage cristal\" width=\"600\" height=\"400\" srcset=\"https:\/\/www.so-helo.com\/mariage\/blog\/wp-content\/uploads\/2014\/01\/headband-mariage-cristaljpg.jpg 600w, https:\/\/www.so-helo.com\/mariage\/blog\/wp-content\/uploads\/2014\/01\/headband-mariage-cristaljpg-300x200.jpg 300w, https:\/\/www.so-helo.com\/mariage\/blog\/wp-content\/uploads\/2014\/01\/headband-mariage-cristaljpg-281x188.jpg 281w\" sizes=\"(max-width: 600px) 100vw, 600px\" \/><\/p>\n<p><a href=\"https:\/\/www.so-helo.com\/mariage\/blog\/wp-content\/uploads\/2014\/01\/barrettes-r\u00e9tros-headbands-mari\u00e9e.jpg\"><img loading=\"lazy\" decoding=\"async\" class=\"alignnone  wp-image-3432\" title=\"barrettes r\u00e9tros headbands mari\u00e9e\" src=\"https:\/\/www.so-helo.com\/mariage\/blog\/wp-content\/uploads\/2014\/01\/barrettes-r\u00e9tros-headbands-mari\u00e9e-682x1024.jpg\" alt=\"barrettes r\u00e9tros headbands mari\u00e9e\" width=\"600\" height=\"908\" \/><\/a><\/p>\n<p>Accessoires cheveux fleuris, voilettes, voiles , \u00e9toles et pochettes seront \u00e9galement en vente&#8230; alors n&rsquo;h\u00e9sitez pas \u00e0 prendre vos billets d&rsquo;entr\u00e9e sur le site de l&rsquo;\u00e9v\u00e8nement:\u00a0http:\/\/www.lovetc-event.fr\/<br \/>\nBonne fin de semaine \u00e0 toutes et \u00e0 tous.<\/p>\n","protected":false},"excerpt":{"rendered":"<p>Il est le rendez-vous incontournable pour les futures mari\u00e9s et pour les prestataires du monde du mariage, la Love Etc se tiendra en fin de semaine \u00e0 la Cours du Marais dans le 3\u00e8me arrondissement de Paris. Notez bien cette nouvelle adresse et retrouvez tous les professionnels indispensables pour votre mariage. So H\u00e9lo fait partie&hellip;<\/p>\n","protected":false},"author":1,"featured_media":3445,"comment_status":"open","ping_status":"open","sticky":false,"template":"","format":"standard","meta":{"footnotes":""},"categories":[9],"tags":[403,330],"_links":{"self":[{"href":"https:\/\/www.so-helo.com\/mariage\/blog\/wp-json\/wp\/v2\/posts\/3431"}],"collection":[{"href":"https:\/\/www.so-helo.com\/mariage\/blog\/wp-json\/wp\/v2\/posts"}],"about":[{"href":"https:\/\/www.so-helo.com\/mariage\/blog\/wp-json\/wp\/v2\/types\/post"}],"author":[{"embeddable":true,"href":"https:\/\/www.so-helo.com\/mariage\/blog\/wp-json\/wp\/v2\/users\/1"}],"replies":[{"embeddable":true,"href":"https:\/\/www.so-helo.com\/mariage\/blog\/wp-json\/wp\/v2\/comments?post=3431"}],"version-history":[{"count":13,"href":"https:\/\/www.so-helo.com\/mariage\/blog\/wp-json\/wp\/v2\/posts\/3431\/revisions"}],"predecessor-version":[{"id":3528,"href":"https:\/\/www.so-helo.com\/mariage\/blog\/wp-json\/wp\/v2\/posts\/3431\/revisions\/3528"}],"wp:featuredmedia":[{"embeddable":true,"href":"https:\/\/www.so-helo.com\/mariage\/blog\/wp-json\/wp\/v2\/media\/3445"}],"wp:attachment":[{"href":"https:\/\/www.so-helo.com\/mariage\/blog\/wp-json\/wp\/v2\/media?parent=3431"}],"wp:term":[{"taxonomy":"category","embeddable":true,"href":"https:\/\/www.so-helo.com\/mariage\/blog\/wp-json\/wp\/v2\/categories?post=3431"},{"taxonomy":"post_tag","embeddable":true,"href":"https:\/\/www.so-helo.com\/mariage\/blog\/wp-json\/wp\/v2\/tags?post=3431"}],"curies":[{"name":"wp","href":"https:\/\/api.w.org\/{rel}","templated":true}]}}