{"id":3633,"date":"2014-06-03T07:48:04","date_gmt":"2014-06-03T07:48:04","guid":{"rendered":"http:\/\/www.so-helo.com\/mariage\/blog\/?p=3633"},"modified":"2014-06-03T07:48:04","modified_gmt":"2014-06-03T07:48:04","slug":"le-souvenir-de-votre-mariage-le-bouquet-de-mariee-en-soie","status":"publish","type":"post","link":"https:\/\/www.so-helo.com\/mariage\/blog\/2014\/06\/le-souvenir-de-votre-mariage-le-bouquet-de-mariee-en-soie\/","title":{"rendered":"Le souvenir de votre mariage: le bouquet de mari\u00e9e en soie"},"content":{"rendered":"<p>Aujourd&rsquo;hui, je vous pr\u00e9sente le bouquet si romantique que Val\u00e9rie d\u00e9sirait pour son mariage. Elle le souhaitait dans des tons doux assortis \u00e0 sa robe de mari\u00e9e et \u00e0 son mariage: blanc et rose poudr\u00e9 avec la touche de dentelle de Calais qui fait toute la diff\u00e9rence ;)<\/p>\n<p>Un <a href=\"http:\/\/www.so-helo.com\/mariage\/547-bouquet-de-mari%C3%A9e-en-fleurs-de-soie-faites-main-cl%C3%A9mentine.html\" target=\"_blank\">bouquet de mari\u00e9e<\/a> unique en fleurs de soie faite \u00e0 la main p\u00e9tale par p\u00e9tale&#8230; et confectionn\u00e9 avec passion dans mon atelier.<\/p>\n<p><a href=\"https:\/\/www.so-helo.com\/mariage\/blog\/wp-content\/uploads\/2014\/06\/Bouquet-mari\u00e9e-en-fleurs-de-soie-sous-cloche-en-verre-blanc-rose.jpg.jpg\"><img loading=\"lazy\" decoding=\"async\" class=\"alignnone  wp-image-3638\" title=\"Bouquet mari\u00e9e en fleurs de soie sous cloche en verre blanc rose\" src=\"https:\/\/www.so-helo.com\/mariage\/blog\/wp-content\/uploads\/2014\/06\/Bouquet-mari\u00e9e-en-fleurs-de-soie-sous-cloche-en-verre-blanc-rose.jpg-682x1024.jpg\" alt=\"Bouquet mari\u00e9e en fleurs de soie sous cloche en verre blanc rose\" width=\"614\" height=\"922\" srcset=\"https:\/\/www.so-helo.com\/mariage\/blog\/wp-content\/uploads\/2014\/06\/Bouquet-mari\u00e9e-en-fleurs-de-soie-sous-cloche-en-verre-blanc-rose.jpg-682x1024.jpg 682w, https:\/\/www.so-helo.com\/mariage\/blog\/wp-content\/uploads\/2014\/06\/Bouquet-mari\u00e9e-en-fleurs-de-soie-sous-cloche-en-verre-blanc-rose.jpg-200x300.jpg 200w, https:\/\/www.so-helo.com\/mariage\/blog\/wp-content\/uploads\/2014\/06\/Bouquet-mari\u00e9e-en-fleurs-de-soie-sous-cloche-en-verre-blanc-rose.jpg.jpg 1992w\" sizes=\"(max-width: 614px) 100vw, 614px\" \/><\/a><\/p>\n<p><a style=\"font-size: 13px;\" href=\"https:\/\/www.so-helo.com\/mariage\/blog\/wp-content\/uploads\/2014\/06\/accessoire-cheveux-mari\u00e9e-fleur-en-soie-et-dentelle-sous-cloche.jpg.jpg\"><img loading=\"lazy\" decoding=\"async\" class=\"alignnone  wp-image-3634\" title=\"accessoire cheveux mari\u00e9e fleur en soie et dentelle sous cloche\" src=\"https:\/\/www.so-helo.com\/mariage\/blog\/wp-content\/uploads\/2014\/06\/accessoire-cheveux-mari\u00e9e-fleur-en-soie-et-dentelle-sous-cloche.jpg-682x1024.jpg\" alt=\"accessoire cheveux mari\u00e9e fleur en soie et dentelle sous cloche\" width=\"614\" height=\"922\" srcset=\"https:\/\/www.so-helo.com\/mariage\/blog\/wp-content\/uploads\/2014\/06\/accessoire-cheveux-mari\u00e9e-fleur-en-soie-et-dentelle-sous-cloche.jpg-682x1024.jpg 682w, https:\/\/www.so-helo.com\/mariage\/blog\/wp-content\/uploads\/2014\/06\/accessoire-cheveux-mari\u00e9e-fleur-en-soie-et-dentelle-sous-cloche.jpg-200x300.jpg 200w\" sizes=\"(max-width: 614px) 100vw, 614px\" \/><\/a><\/p>\n<p>Une petite fleur en organza de soie et en dentelle assortie au bouquet a \u00e9t\u00e9 confectionn\u00e9e \u00e9galement pour accessoiriser sa coiffure de mari\u00e9e.<\/p>\n<p><a href=\"https:\/\/www.so-helo.com\/mariage\/blog\/wp-content\/uploads\/2014\/06\/bouquet-de-mari\u00e9e-en-soie-et-dentelle-blanche-sous-cloche-en-verre.jpg.jpg\"><img loading=\"lazy\" decoding=\"async\" class=\"alignnone  wp-image-3636\" title=\"bouquet de mari\u00e9e en soie et dentelle blanche sous cloche en verre\" src=\"https:\/\/www.so-helo.com\/mariage\/blog\/wp-content\/uploads\/2014\/06\/bouquet-de-mari\u00e9e-en-soie-et-dentelle-blanche-sous-cloche-en-verre.jpg-682x1024.jpg\" alt=\"bouquet de mari\u00e9e en soie et dentelle blanche sous cloche en verre\" width=\"614\" height=\"922\" srcset=\"https:\/\/www.so-helo.com\/mariage\/blog\/wp-content\/uploads\/2014\/06\/bouquet-de-mari\u00e9e-en-soie-et-dentelle-blanche-sous-cloche-en-verre.jpg-682x1024.jpg 682w, https:\/\/www.so-helo.com\/mariage\/blog\/wp-content\/uploads\/2014\/06\/bouquet-de-mari\u00e9e-en-soie-et-dentelle-blanche-sous-cloche-en-verre.jpg-200x300.jpg 200w\" sizes=\"(max-width: 614px) 100vw, 614px\" \/><\/a><\/p>\n<p><a href=\"https:\/\/www.so-helo.com\/mariage\/blog\/wp-content\/uploads\/2014\/06\/d\u00e9tails-roses-en-soie-et-dentelle-bouquet-de-mari\u00e9e-\u00e9ternelle-sous-cloche-en-verre-d\u00e9corative.jpg.jpg\"><img loading=\"lazy\" decoding=\"async\" class=\"alignnone  wp-image-3640\" title=\"d\u00e9tails roses en soie et dentelle bouquet de mari\u00e9e \u00e9ternelle sous cloche en verre d\u00e9corative\" src=\"https:\/\/www.so-helo.com\/mariage\/blog\/wp-content\/uploads\/2014\/06\/d\u00e9tails-roses-en-soie-et-dentelle-bouquet-de-mari\u00e9e-\u00e9ternelle-sous-cloche-en-verre-d\u00e9corative.jpg-1024x682.jpg\" alt=\"d\u00e9tails roses en soie et dentelle bouquet de mari\u00e9e \u00e9ternelle sous cloche en verre d\u00e9corative\" width=\"614\" height=\"409\" srcset=\"https:\/\/www.so-helo.com\/mariage\/blog\/wp-content\/uploads\/2014\/06\/d\u00e9tails-roses-en-soie-et-dentelle-bouquet-de-mari\u00e9e-\u00e9ternelle-sous-cloche-en-verre-d\u00e9corative.jpg-1024x682.jpg 1024w, https:\/\/www.so-helo.com\/mariage\/blog\/wp-content\/uploads\/2014\/06\/d\u00e9tails-roses-en-soie-et-dentelle-bouquet-de-mari\u00e9e-\u00e9ternelle-sous-cloche-en-verre-d\u00e9corative.jpg-300x200.jpg 300w, https:\/\/www.so-helo.com\/mariage\/blog\/wp-content\/uploads\/2014\/06\/d\u00e9tails-roses-en-soie-et-dentelle-bouquet-de-mari\u00e9e-\u00e9ternelle-sous-cloche-en-verre-d\u00e9corative.jpg-281x188.jpg 281w\" sizes=\"(max-width: 614px) 100vw, 614px\" \/><\/a><\/p>\n<p><a href=\"https:\/\/www.so-helo.com\/mariage\/blog\/wp-content\/uploads\/2014\/06\/pendentif-\u00e0-ouvrir-souvenir-manche-bouquet-de-mari\u00e9e-\u00e9ternelle-soie-et-dentelle.jpg.jpg\"><img loading=\"lazy\" decoding=\"async\" class=\"alignnone  wp-image-3642\" title=\"pendentif \u00e0 ouvrir souvenir manche bouquet de mari\u00e9e \u00e9ternelle soie et dentelle\" src=\"https:\/\/www.so-helo.com\/mariage\/blog\/wp-content\/uploads\/2014\/06\/pendentif-\u00e0-ouvrir-souvenir-manche-bouquet-de-mari\u00e9e-\u00e9ternelle-soie-et-dentelle.jpg-682x1024.jpg\" alt=\"pendentif \u00e0 ouvrir souvenir manche bouquet de mari\u00e9e \u00e9ternelle soie et dentelle\" width=\"614\" height=\"922\" srcset=\"https:\/\/www.so-helo.com\/mariage\/blog\/wp-content\/uploads\/2014\/06\/pendentif-\u00e0-ouvrir-souvenir-manche-bouquet-de-mari\u00e9e-\u00e9ternelle-soie-et-dentelle.jpg-682x1024.jpg 682w, https:\/\/www.so-helo.com\/mariage\/blog\/wp-content\/uploads\/2014\/06\/pendentif-\u00e0-ouvrir-souvenir-manche-bouquet-de-mari\u00e9e-\u00e9ternelle-soie-et-dentelle.jpg-200x300.jpg 200w\" sizes=\"(max-width: 614px) 100vw, 614px\" \/><\/a><\/p>\n<p>Et tout comme le joli\u00a0<a title=\"Un bouquet de mari\u00e9e \u00e9ternel en soie fuchsia et dentelle\" href=\"https:\/\/www.so-helo.com\/mariage\/blog\/2014\/06\/un-bouquet-de-mariee-eternel-en-soie-fuchsia-et-dentelle\/\">bouquet de mari\u00e9e\u00a0<\/a>d&rsquo;Anabela, un pendentif discret s&rsquo;est gliss\u00e9 sur le manche nou\u00e9 de dentelle et rubans.<\/p>\n<p><a href=\"https:\/\/www.so-helo.com\/mariage\/blog\/wp-content\/uploads\/2014\/06\/ambiance-bouquet-de-mari\u00e9e-\u00e9ternelle-en-fleurs-de-soie-et-dentelle-avec-miroir-vintage.jpg.jpg\"><img loading=\"lazy\" decoding=\"async\" class=\"alignnone  wp-image-3635\" title=\"ambiance bouquet de mari\u00e9e \u00e9ternelle en fleurs de soie et dentelle avec miroir vintage\" src=\"https:\/\/www.so-helo.com\/mariage\/blog\/wp-content\/uploads\/2014\/06\/ambiance-bouquet-de-mari\u00e9e-\u00e9ternelle-en-fleurs-de-soie-et-dentelle-avec-miroir-vintage.jpg-682x1024.jpg\" alt=\"ambiance bouquet de mari\u00e9e \u00e9ternelle en fleurs de soie et dentelle avec miroir vintage\" width=\"614\" height=\"922\" srcset=\"https:\/\/www.so-helo.com\/mariage\/blog\/wp-content\/uploads\/2014\/06\/ambiance-bouquet-de-mari\u00e9e-\u00e9ternelle-en-fleurs-de-soie-et-dentelle-avec-miroir-vintage.jpg-682x1024.jpg 682w, https:\/\/www.so-helo.com\/mariage\/blog\/wp-content\/uploads\/2014\/06\/ambiance-bouquet-de-mari\u00e9e-\u00e9ternelle-en-fleurs-de-soie-et-dentelle-avec-miroir-vintage.jpg-199x300.jpg 199w, https:\/\/www.so-helo.com\/mariage\/blog\/wp-content\/uploads\/2014\/06\/ambiance-bouquet-de-mari\u00e9e-\u00e9ternelle-en-fleurs-de-soie-et-dentelle-avec-miroir-vintage.jpg.jpg 1474w\" sizes=\"(max-width: 614px) 100vw, 614px\" \/><\/a><\/p>\n<p><a href=\"https:\/\/www.so-helo.com\/mariage\/blog\/wp-content\/uploads\/2014\/06\/d\u00e9tails-roses-en-soie-et-dentelle-bouquet-de-mari\u00e9e-\u00e9ternelle.jpg.jpg\"><img loading=\"lazy\" decoding=\"async\" class=\"alignnone  wp-image-3641\" title=\"d\u00e9tails roses en soie et dentelle bouquet de mari\u00e9e \u00e9ternelle\" src=\"https:\/\/www.so-helo.com\/mariage\/blog\/wp-content\/uploads\/2014\/06\/d\u00e9tails-roses-en-soie-et-dentelle-bouquet-de-mari\u00e9e-\u00e9ternelle.jpg-1024x576.jpg\" alt=\"d\u00e9tails roses en soie et dentelle bouquet de mari\u00e9e \u00e9ternelle\" width=\"614\" height=\"346\" srcset=\"https:\/\/www.so-helo.com\/mariage\/blog\/wp-content\/uploads\/2014\/06\/d\u00e9tails-roses-en-soie-et-dentelle-bouquet-de-mari\u00e9e-\u00e9ternelle.jpg-1024x576.jpg 1024w, https:\/\/www.so-helo.com\/mariage\/blog\/wp-content\/uploads\/2014\/06\/d\u00e9tails-roses-en-soie-et-dentelle-bouquet-de-mari\u00e9e-\u00e9ternelle.jpg-300x168.jpg 300w\" sizes=\"(max-width: 614px) 100vw, 614px\" \/><\/a><\/p>\n<p><a href=\"https:\/\/www.so-helo.com\/mariage\/blog\/wp-content\/uploads\/2014\/06\/d\u00e9tails-roses-en-soie-et-dentelle-bouquet-de-mari\u00e9e-\u00e9ternelle-miroir-vintage.jpg.jpg\"><img loading=\"lazy\" decoding=\"async\" class=\"alignnone  wp-image-3639\" title=\"d\u00e9tails roses en soie et dentelle bouquet de mari\u00e9e \u00e9ternelle miroir vintage\" src=\"https:\/\/www.so-helo.com\/mariage\/blog\/wp-content\/uploads\/2014\/06\/d\u00e9tails-roses-en-soie-et-dentelle-bouquet-de-mari\u00e9e-\u00e9ternelle-miroir-vintage.jpg-1024x575.jpg\" alt=\"d\u00e9tails roses en soie et dentelle bouquet de mari\u00e9e \u00e9ternelle miroir vintage\" width=\"614\" height=\"345\" srcset=\"https:\/\/www.so-helo.com\/mariage\/blog\/wp-content\/uploads\/2014\/06\/d\u00e9tails-roses-en-soie-et-dentelle-bouquet-de-mari\u00e9e-\u00e9ternelle-miroir-vintage.jpg-1024x575.jpg 1024w, https:\/\/www.so-helo.com\/mariage\/blog\/wp-content\/uploads\/2014\/06\/d\u00e9tails-roses-en-soie-et-dentelle-bouquet-de-mari\u00e9e-\u00e9ternelle-miroir-vintage.jpg-300x168.jpg 300w\" sizes=\"(max-width: 614px) 100vw, 614px\" \/><\/a><\/p>\n<p>D\u00e9couvrez \u00e9galement le <a title=\"Un bouquet de mari\u00e9e \u00e9ternel en soie fuchsia et dentelle\" href=\"https:\/\/www.so-helo.com\/mariage\/blog\/2014\/06\/un-bouquet-de-mariee-eternel-en-soie-fuchsia-et-dentelle\/\">bouquet de mari\u00e9e<\/a> d&rsquo;Anabela, un bouquet \u00e0 la touche fuchsia. Pour la conception d&rsquo;un <a href=\"http:\/\/www.so-helo.com\/mariage\/56-bouquets-de-mariage-mari%C3%A9e-en-fleurs-de-soie\" target=\"_blank\">bouquet en fleurs de soie<\/a>, rendez-vous sur la boutique!<\/p>\n<p>Cr\u00e9dit photos: <a href=\"http:\/\/www.so-helo.com\" target=\"_blank\">So H\u00e9lo<\/a><\/p>\n","protected":false},"excerpt":{"rendered":"<p>Aujourd&rsquo;hui, je vous pr\u00e9sente le bouquet si romantique que Val\u00e9rie d\u00e9sirait pour son mariage. Elle le souhaitait dans des tons doux assortis \u00e0 sa robe de mari\u00e9e et \u00e0 son mariage: blanc et rose poudr\u00e9 avec la touche de dentelle de Calais qui fait toute la diff\u00e9rence ;) Un bouquet de mari\u00e9e unique en fleurs&hellip;<\/p>\n","protected":false},"author":1,"featured_media":3637,"comment_status":"open","ping_status":"open","sticky":false,"template":"","format":"standard","meta":{"footnotes":""},"categories":[10,7],"tags":[164,194,198,196,193,197,304],"_links":{"self":[{"href":"https:\/\/www.so-helo.com\/mariage\/blog\/wp-json\/wp\/v2\/posts\/3633"}],"collection":[{"href":"https:\/\/www.so-helo.com\/mariage\/blog\/wp-json\/wp\/v2\/posts"}],"about":[{"href":"https:\/\/www.so-helo.com\/mariage\/blog\/wp-json\/wp\/v2\/types\/post"}],"author":[{"embeddable":true,"href":"https:\/\/www.so-helo.com\/mariage\/blog\/wp-json\/wp\/v2\/users\/1"}],"replies":[{"embeddable":true,"href":"https:\/\/www.so-helo.com\/mariage\/blog\/wp-json\/wp\/v2\/comments?post=3633"}],"version-history":[{"count":7,"href":"https:\/\/www.so-helo.com\/mariage\/blog\/wp-json\/wp\/v2\/posts\/3633\/revisions"}],"predecessor-version":[{"id":3652,"href":"https:\/\/www.so-helo.com\/mariage\/blog\/wp-json\/wp\/v2\/posts\/3633\/revisions\/3652"}],"wp:featuredmedia":[{"embeddable":true,"href":"https:\/\/www.so-helo.com\/mariage\/blog\/wp-json\/wp\/v2\/media\/3637"}],"wp:attachment":[{"href":"https:\/\/www.so-helo.com\/mariage\/blog\/wp-json\/wp\/v2\/media?parent=3633"}],"wp:term":[{"taxonomy":"category","embeddable":true,"href":"https:\/\/www.so-helo.com\/mariage\/blog\/wp-json\/wp\/v2\/categories?post=3633"},{"taxonomy":"post_tag","embeddable":true,"href":"https:\/\/www.so-helo.com\/mariage\/blog\/wp-json\/wp\/v2\/tags?post=3633"}],"curies":[{"name":"wp","href":"https:\/\/api.w.org\/{rel}","templated":true}]}}