{"id":3887,"date":"2014-12-10T17:06:43","date_gmt":"2014-12-10T17:06:43","guid":{"rendered":"http:\/\/www.so-helo.com\/mariage\/blog\/?p=3887"},"modified":"2014-12-10T17:29:11","modified_gmt":"2014-12-10T17:29:11","slug":"bijoux-et-accessoires-de-mariee-so-helo-collection-2015","status":"publish","type":"post","link":"https:\/\/www.so-helo.com\/mariage\/blog\/2014\/12\/bijoux-et-accessoires-de-mariee-so-helo-collection-2015\/","title":{"rendered":"Bijoux et accessoires de mari\u00e9e So H\u00e9lo &#8211; collection 2015"},"content":{"rendered":"<p>Depuis maintenant 2\u00a0semaines, la nouvelle collection de bijoux et accessoires de mariage So H\u00e9lo est en boutique! C&rsquo;est avec une immense joie que je voulais partager avec vous les superbes photos de C\u00e9cile Creiche.<\/p>\n<p style=\"text-align: center;\"><a href=\"https:\/\/www.so-helo.com\/mariage\/blog\/wp-content\/uploads\/2014\/12\/hexagon-nouvelle-collection-bijoux-et-accessoires-de-mariage-soh\u00e9lo.jpg\"><img loading=\"lazy\" decoding=\"async\" class=\"alignnone size-large wp-image-3888\" src=\"https:\/\/www.so-helo.com\/mariage\/blog\/wp-content\/uploads\/2014\/12\/hexagon-nouvelle-collection-bijoux-et-accessoires-de-mariage-soh\u00e9lo-808x1024.jpg\" alt=\"hexagon-nouvelle-collection-bijoux-et-accessoires-de-mariage-soh\u00e9lo\" width=\"808\" height=\"1024\" srcset=\"https:\/\/www.so-helo.com\/mariage\/blog\/wp-content\/uploads\/2014\/12\/hexagon-nouvelle-collection-bijoux-et-accessoires-de-mariage-soh\u00e9lo-808x1024.jpg 808w, https:\/\/www.so-helo.com\/mariage\/blog\/wp-content\/uploads\/2014\/12\/hexagon-nouvelle-collection-bijoux-et-accessoires-de-mariage-soh\u00e9lo-236x300.jpg 236w, https:\/\/www.so-helo.com\/mariage\/blog\/wp-content\/uploads\/2014\/12\/hexagon-nouvelle-collection-bijoux-et-accessoires-de-mariage-soh\u00e9lo-250x316.jpg 250w, https:\/\/www.so-helo.com\/mariage\/blog\/wp-content\/uploads\/2014\/12\/hexagon-nouvelle-collection-bijoux-et-accessoires-de-mariage-soh\u00e9lo-550x696.jpg 550w, https:\/\/www.so-helo.com\/mariage\/blog\/wp-content\/uploads\/2014\/12\/hexagon-nouvelle-collection-bijoux-et-accessoires-de-mariage-soh\u00e9lo-142x180.jpg 142w, https:\/\/www.so-helo.com\/mariage\/blog\/wp-content\/uploads\/2014\/12\/hexagon-nouvelle-collection-bijoux-et-accessoires-de-mariage-soh\u00e9lo-394x500.jpg 394w, https:\/\/www.so-helo.com\/mariage\/blog\/wp-content\/uploads\/2014\/12\/hexagon-nouvelle-collection-bijoux-et-accessoires-de-mariage-soh\u00e9lo.jpg 850w\" sizes=\"(max-width: 808px) 100vw, 808px\" \/><\/a><\/p>\n<p style=\"text-align: left;\">L&rsquo;ann\u00e9e 2015 rime pour moi avec f\u00e9minit\u00e9, po\u00e9sie et naturel. Les dos se d\u00e9couvrant subtilement dans de nombreuses collections de robes de mari\u00e9es, j&rsquo;ai souhait\u00e9 les habiller d\u00e9licatement avec de fins\u00a0colliers de dos. La gamme se voit donc enrichie de nombreux mod\u00e8les de bijoux de dos des plus simples aux plus sophistiqu\u00e9s. Une\u00a0petite touche de glamour que j&rsquo;affectionne tant!<\/p>\n<p style=\"text-align: left;\"><a href=\"https:\/\/www.so-helo.com\/mariage\/blog\/wp-content\/uploads\/2014\/12\/collier-de-dos-pour-robes-dos-nu-So-H\u00e9lo.png\"><img loading=\"lazy\" decoding=\"async\" class=\"alignnone size-full wp-image-3891\" src=\"https:\/\/www.so-helo.com\/mariage\/blog\/wp-content\/uploads\/2014\/12\/collier-de-dos-pour-robes-dos-nu-So-H\u00e9lo.png\" alt=\"collier de dos pour robes dos nu So H\u00e9lo\" width=\"1024\" height=\"768\" srcset=\"https:\/\/www.so-helo.com\/mariage\/blog\/wp-content\/uploads\/2014\/12\/collier-de-dos-pour-robes-dos-nu-So-H\u00e9lo.png 1024w, https:\/\/www.so-helo.com\/mariage\/blog\/wp-content\/uploads\/2014\/12\/collier-de-dos-pour-robes-dos-nu-So-H\u00e9lo-300x225.png 300w, https:\/\/www.so-helo.com\/mariage\/blog\/wp-content\/uploads\/2014\/12\/collier-de-dos-pour-robes-dos-nu-So-H\u00e9lo-250x187.png 250w, https:\/\/www.so-helo.com\/mariage\/blog\/wp-content\/uploads\/2014\/12\/collier-de-dos-pour-robes-dos-nu-So-H\u00e9lo-550x412.png 550w, https:\/\/www.so-helo.com\/mariage\/blog\/wp-content\/uploads\/2014\/12\/collier-de-dos-pour-robes-dos-nu-So-H\u00e9lo-800x600.png 800w, https:\/\/www.so-helo.com\/mariage\/blog\/wp-content\/uploads\/2014\/12\/collier-de-dos-pour-robes-dos-nu-So-H\u00e9lo-240x180.png 240w, https:\/\/www.so-helo.com\/mariage\/blog\/wp-content\/uploads\/2014\/12\/collier-de-dos-pour-robes-dos-nu-So-H\u00e9lo-400x300.png 400w, https:\/\/www.so-helo.com\/mariage\/blog\/wp-content\/uploads\/2014\/12\/collier-de-dos-pour-robes-dos-nu-So-H\u00e9lo-666x500.png 666w\" sizes=\"(max-width: 1024px) 100vw, 1024px\" \/><\/a><\/p>\n<p style=\"text-align: left;\"><a href=\"https:\/\/www.so-helo.com\/mariage\/blog\/wp-content\/uploads\/2014\/12\/sog-helo2015-153.jpg\"><img loading=\"lazy\" decoding=\"async\" class=\"alignnone size-large wp-image-3893\" src=\"https:\/\/www.so-helo.com\/mariage\/blog\/wp-content\/uploads\/2014\/12\/sog-helo2015-153-1024x681.jpg\" alt=\"robes de mari\u00e9e bijoux et accessoires boh\u00e8me mariage So H\u00e9lo photographie C\u00e9cile Creiche\" width=\"1024\" height=\"681\" srcset=\"https:\/\/www.so-helo.com\/mariage\/blog\/wp-content\/uploads\/2014\/12\/sog-helo2015-153-1024x681.jpg 1024w, https:\/\/www.so-helo.com\/mariage\/blog\/wp-content\/uploads\/2014\/12\/sog-helo2015-153-300x199.jpg 300w, https:\/\/www.so-helo.com\/mariage\/blog\/wp-content\/uploads\/2014\/12\/sog-helo2015-153-250x166.jpg 250w, https:\/\/www.so-helo.com\/mariage\/blog\/wp-content\/uploads\/2014\/12\/sog-helo2015-153-550x366.jpg 550w, https:\/\/www.so-helo.com\/mariage\/blog\/wp-content\/uploads\/2014\/12\/sog-helo2015-153-800x532.jpg 800w, https:\/\/www.so-helo.com\/mariage\/blog\/wp-content\/uploads\/2014\/12\/sog-helo2015-153-270x180.jpg 270w, https:\/\/www.so-helo.com\/mariage\/blog\/wp-content\/uploads\/2014\/12\/sog-helo2015-153-450x300.jpg 450w, https:\/\/www.so-helo.com\/mariage\/blog\/wp-content\/uploads\/2014\/12\/sog-helo2015-153-751x500.jpg 751w\" sizes=\"(max-width: 1024px) 100vw, 1024px\" \/><\/a><\/p>\n<p style=\"text-align: left;\"><span data-reactid=\".63.$mid=11416843268634=2de0ff2d84bbcf0e551.2:0.0.0.0.0.0.$end:0:$10:0\">Inspir\u00e9s par la nature, les accessoires de cheveux (couronnes, headbands et peignes) se parent de feuillages et d&rsquo;estampes fleuries.<\/span><br data-reactid=\".63.$mid=11416843268634=2de0ff2d84bbcf0e551.2:0.0.0.0.0.0.$end:0:$11:0\" \/><span data-reactid=\".63.$mid=11416843268634=2de0ff2d84bbcf0e551.2:0.0.0.0.0.0.$end:0:$12:0\">J&rsquo;ai voulu jou\u00e9\u00a0avec l&rsquo;aspect brut du m\u00e9tal se m\u00ealant \u00e0 la puret\u00e9 des perles et du cristal: le mariage parfait pour les mari\u00e9es romantiques et boh\u00e8mes.<\/span><\/p>\n<p style=\"text-align: left;\"><a href=\"https:\/\/www.so-helo.com\/mariage\/blog\/wp-content\/uploads\/2014\/12\/couronne-boucles-d-oreille-mariage-boheme-romantique.png\"><img loading=\"lazy\" decoding=\"async\" class=\"alignnone size-large wp-image-3892\" src=\"https:\/\/www.so-helo.com\/mariage\/blog\/wp-content\/uploads\/2014\/12\/couronne-boucles-d-oreille-mariage-boheme-romantique-1002x1024.png\" alt=\"couronne-boucles-d-oreille-mariage-boheme-romantique\" width=\"1002\" height=\"1024\" srcset=\"https:\/\/www.so-helo.com\/mariage\/blog\/wp-content\/uploads\/2014\/12\/couronne-boucles-d-oreille-mariage-boheme-romantique-1002x1024.png 1002w, https:\/\/www.so-helo.com\/mariage\/blog\/wp-content\/uploads\/2014\/12\/couronne-boucles-d-oreille-mariage-boheme-romantique-293x300.png 293w, https:\/\/www.so-helo.com\/mariage\/blog\/wp-content\/uploads\/2014\/12\/couronne-boucles-d-oreille-mariage-boheme-romantique-48x48.png 48w, https:\/\/www.so-helo.com\/mariage\/blog\/wp-content\/uploads\/2014\/12\/couronne-boucles-d-oreille-mariage-boheme-romantique-250x255.png 250w, https:\/\/www.so-helo.com\/mariage\/blog\/wp-content\/uploads\/2014\/12\/couronne-boucles-d-oreille-mariage-boheme-romantique-550x561.png 550w, https:\/\/www.so-helo.com\/mariage\/blog\/wp-content\/uploads\/2014\/12\/couronne-boucles-d-oreille-mariage-boheme-romantique-800x817.png 800w, https:\/\/www.so-helo.com\/mariage\/blog\/wp-content\/uploads\/2014\/12\/couronne-boucles-d-oreille-mariage-boheme-romantique-176x180.png 176w, https:\/\/www.so-helo.com\/mariage\/blog\/wp-content\/uploads\/2014\/12\/couronne-boucles-d-oreille-mariage-boheme-romantique-489x500.png 489w, https:\/\/www.so-helo.com\/mariage\/blog\/wp-content\/uploads\/2014\/12\/couronne-boucles-d-oreille-mariage-boheme-romantique.png 1019w\" sizes=\"(max-width: 1002px) 100vw, 1002px\" \/><\/a><\/p>\n<p style=\"text-align: left;\"><a href=\"https:\/\/www.so-helo.com\/mariage\/blog\/wp-content\/uploads\/2014\/12\/sog-helo2015-96.jpg\"><img loading=\"lazy\" decoding=\"async\" class=\"alignnone size-large wp-image-3909\" src=\"https:\/\/www.so-helo.com\/mariage\/blog\/wp-content\/uploads\/2014\/12\/sog-helo2015-96-1024x681.jpg\" alt=\"Headband mari\u00e9e gatsby r\u00e9tro fleur soie So H\u00e9lo photographie C\u00e9cile Creiche\" width=\"1024\" height=\"681\" srcset=\"https:\/\/www.so-helo.com\/mariage\/blog\/wp-content\/uploads\/2014\/12\/sog-helo2015-96-1024x681.jpg 1024w, https:\/\/www.so-helo.com\/mariage\/blog\/wp-content\/uploads\/2014\/12\/sog-helo2015-96-300x199.jpg 300w, https:\/\/www.so-helo.com\/mariage\/blog\/wp-content\/uploads\/2014\/12\/sog-helo2015-96-250x166.jpg 250w, https:\/\/www.so-helo.com\/mariage\/blog\/wp-content\/uploads\/2014\/12\/sog-helo2015-96-550x365.jpg 550w, https:\/\/www.so-helo.com\/mariage\/blog\/wp-content\/uploads\/2014\/12\/sog-helo2015-96-800x532.jpg 800w, https:\/\/www.so-helo.com\/mariage\/blog\/wp-content\/uploads\/2014\/12\/sog-helo2015-96-270x180.jpg 270w, https:\/\/www.so-helo.com\/mariage\/blog\/wp-content\/uploads\/2014\/12\/sog-helo2015-96-450x300.jpg 450w, https:\/\/www.so-helo.com\/mariage\/blog\/wp-content\/uploads\/2014\/12\/sog-helo2015-96-751x500.jpg 751w\" sizes=\"(max-width: 1024px) 100vw, 1024px\" \/><\/a><\/p>\n<p style=\"text-align: left;\">Confectionn\u00e9s dans mon petit atelier parisien avec des mat\u00e9riaux de qualit\u00e9 , chaque pi\u00e8ce est r\u00e9alis\u00e9e \u00e0 la main avec passion&#8230;<\/p>\n<p style=\"text-align: left;\"><a href=\"https:\/\/www.so-helo.com\/mariage\/blog\/wp-content\/uploads\/2014\/12\/voiles-de-mari\u00e9e-boh\u00e8me-dentelle-couronne.png\"><img loading=\"lazy\" decoding=\"async\" class=\"alignnone size-full wp-image-3908\" src=\"https:\/\/www.so-helo.com\/mariage\/blog\/wp-content\/uploads\/2014\/12\/voiles-de-mari\u00e9e-boh\u00e8me-dentelle-couronne.png\" alt=\"voiles-de-mari\u00e9e-boh\u00e8me-dentelle-couronne\" width=\"1024\" height=\"768\" srcset=\"https:\/\/www.so-helo.com\/mariage\/blog\/wp-content\/uploads\/2014\/12\/voiles-de-mari\u00e9e-boh\u00e8me-dentelle-couronne.png 1024w, https:\/\/www.so-helo.com\/mariage\/blog\/wp-content\/uploads\/2014\/12\/voiles-de-mari\u00e9e-boh\u00e8me-dentelle-couronne-300x225.png 300w, https:\/\/www.so-helo.com\/mariage\/blog\/wp-content\/uploads\/2014\/12\/voiles-de-mari\u00e9e-boh\u00e8me-dentelle-couronne-250x187.png 250w, https:\/\/www.so-helo.com\/mariage\/blog\/wp-content\/uploads\/2014\/12\/voiles-de-mari\u00e9e-boh\u00e8me-dentelle-couronne-550x412.png 550w, https:\/\/www.so-helo.com\/mariage\/blog\/wp-content\/uploads\/2014\/12\/voiles-de-mari\u00e9e-boh\u00e8me-dentelle-couronne-800x600.png 800w, https:\/\/www.so-helo.com\/mariage\/blog\/wp-content\/uploads\/2014\/12\/voiles-de-mari\u00e9e-boh\u00e8me-dentelle-couronne-240x180.png 240w, https:\/\/www.so-helo.com\/mariage\/blog\/wp-content\/uploads\/2014\/12\/voiles-de-mari\u00e9e-boh\u00e8me-dentelle-couronne-400x300.png 400w, https:\/\/www.so-helo.com\/mariage\/blog\/wp-content\/uploads\/2014\/12\/voiles-de-mari\u00e9e-boh\u00e8me-dentelle-couronne-666x500.png 666w\" sizes=\"(max-width: 1024px) 100vw, 1024px\" \/><\/a><\/p>\n<p style=\"text-align: left;\"><span data-reactid=\".63.$mid=11416843268634=2de0ff2d84bbcf0e551.2:0.0.0.0.0.0.$end:0:$16:0\">J&rsquo;ai \u00e9galement pris plaisir \u00e0 cr\u00e9er une petite collection capsule au style scandinave.<\/span><br data-reactid=\".63.$mid=11416843268634=2de0ff2d84bbcf0e551.2:0.0.0.0.0.0.$end:0:$17:0\" \/><span data-reactid=\".63.$mid=11416843268634=2de0ff2d84bbcf0e551.2:0.0.0.0.0.0.$end:0:$18:0\">Une tendance actuelle que l&rsquo;on retrouve de plus en plus dans la mode et la d\u00e9coration de mariage et qui par ses formes g\u00e9om\u00e9triques m&rsquo;a beaucoup inspir\u00e9e.<\/span><br data-reactid=\".63.$mid=11416843268634=2de0ff2d84bbcf0e551.2:0.0.0.0.0.0.$end:0:$19:0\" \/><span data-reactid=\".63.$mid=11416843268634=2de0ff2d84bbcf0e551.2:0.0.0.0.0.0.$end:0:$20:0\">Chevrons et motifs triangulaires se m\u00ealent aux cristaux nobles pour former headband ou colliers de dos!<\/span><\/p>\n<p style=\"text-align: left;\"><a href=\"https:\/\/www.so-helo.com\/mariage\/blog\/wp-content\/uploads\/2014\/12\/collier-dos-nu-bijoux-accessoire-headband-scandinave-ethnique.png\"><img loading=\"lazy\" decoding=\"async\" class=\"alignnone size-full wp-image-3932\" src=\"https:\/\/www.so-helo.com\/mariage\/blog\/wp-content\/uploads\/2014\/12\/collier-dos-nu-bijoux-accessoire-headband-scandinave-ethnique.png\" alt=\"collier-dos-nu-bijoux-accessoire-headband-scandinave-ethnique\" width=\"690\" height=\"804\" srcset=\"https:\/\/www.so-helo.com\/mariage\/blog\/wp-content\/uploads\/2014\/12\/collier-dos-nu-bijoux-accessoire-headband-scandinave-ethnique.png 690w, https:\/\/www.so-helo.com\/mariage\/blog\/wp-content\/uploads\/2014\/12\/collier-dos-nu-bijoux-accessoire-headband-scandinave-ethnique-257x300.png 257w, https:\/\/www.so-helo.com\/mariage\/blog\/wp-content\/uploads\/2014\/12\/collier-dos-nu-bijoux-accessoire-headband-scandinave-ethnique-250x291.png 250w, https:\/\/www.so-helo.com\/mariage\/blog\/wp-content\/uploads\/2014\/12\/collier-dos-nu-bijoux-accessoire-headband-scandinave-ethnique-550x640.png 550w, https:\/\/www.so-helo.com\/mariage\/blog\/wp-content\/uploads\/2014\/12\/collier-dos-nu-bijoux-accessoire-headband-scandinave-ethnique-154x180.png 154w, https:\/\/www.so-helo.com\/mariage\/blog\/wp-content\/uploads\/2014\/12\/collier-dos-nu-bijoux-accessoire-headband-scandinave-ethnique-429x500.png 429w\" sizes=\"(max-width: 690px) 100vw, 690px\" \/><\/a><\/p>\n<p style=\"text-align: left;\">Je vous laisse d\u00e9couvrir plus de photos de la nouvelle collection dans la galerie ci-dessous ainsi que mes prestataires chouchous que je recommande \u00e0 100% !!! &#8230;<\/p>\n<p style=\"text-align: left;\">Photographies: <a href=\"http:\/\/www.cecilecreiche.com\/\" target=\"_blank\">C\u00e9cile Creiche<\/a>\u00a0\/\u00a0Robes de mari\u00e9e: <a href=\"http:\/\/www.confidentiel-creation.fr\/\" target=\"_blank\">Confidentiel Cr\u00e9ation<\/a>\u00a0\/\u00a0Coiffures: <a href=\"http:\/\/www.axelle-b.com\/\" target=\"_blank\">Axelle B.<\/a>\u00a0\/\u00a0Maquillages: <a href=\"http:\/\/www.amielmanon.book.fr\/\" target=\"_blank\">Manon Amiel Make Up<\/a>\u00a0\/\u00a0D\u00e9coration Florale: <a href=\"http:\/\/jaune-pivoine.fr\/\" target=\"_blank\">Jaune Pivoine<\/a>\u00a0\/\u00a0Mise en sc\u00e8ne: <a href=\"http:\/\/www.style-it-event.com\/\" target=\"_blank\">Style it Event<\/a>\u00a0\/\u00a0Vid\u00e9o: <a href=\"http:\/\/www.sensor-of-emotion-prod.fr\/\" target=\"_blank\">Sensor of Emotion Prod<\/a>\u00a0\/\u00a0Mod\u00e8les: Johanna et Olivia ainsi que notre sympathique assistant lumi\u00e8re: S\u00e9bastien<\/p>\n<div class=\"wc-gallery\"><div id='gallery-1' data-gutter-width='5' data-columns='3' class='gallery wc-gallery-captions-onhover gallery-link-post gallery-masonry galleryid-3887 gallery-columns-3 gallery-size-medium wc-gallery-bottomspace-default wc-gallery-clear'><div class='gallery-item gallery-item-position-1 gallery-item-attachment-3920'>\n\t\t\t\t<div class='gallery-icon portrait'>\n\t\t\t\t\t<a href='https:\/\/www.so-helo.com\/mariage\/blog\/2014\/12\/bijoux-et-accessoires-de-mariee-so-helo-collection-2015\/hanah-collier-de-mariage-avec-bijou-de-dos-perles-et-motifs-orientaux\/' title='hanah-collier-de-mariage-avec-bijou-de-dos-perles-et-motifs-orientaux' target='_self'><img loading=\"lazy\" decoding=\"async\" width=\"216\" height=\"300\" src=\"https:\/\/www.so-helo.com\/mariage\/blog\/wp-content\/uploads\/2014\/12\/hanah-collier-de-mariage-avec-bijou-de-dos-perles-et-motifs-orientaux-216x300.jpg\" class=\"attachment-medium size-medium\" alt=\"\" srcset=\"https:\/\/www.so-helo.com\/mariage\/blog\/wp-content\/uploads\/2014\/12\/hanah-collier-de-mariage-avec-bijou-de-dos-perles-et-motifs-orientaux-216x300.jpg 216w, https:\/\/www.so-helo.com\/mariage\/blog\/wp-content\/uploads\/2014\/12\/hanah-collier-de-mariage-avec-bijou-de-dos-perles-et-motifs-orientaux-737x1024.jpg 737w, https:\/\/www.so-helo.com\/mariage\/blog\/wp-content\/uploads\/2014\/12\/hanah-collier-de-mariage-avec-bijou-de-dos-perles-et-motifs-orientaux-250x347.jpg 250w, https:\/\/www.so-helo.com\/mariage\/blog\/wp-content\/uploads\/2014\/12\/hanah-collier-de-mariage-avec-bijou-de-dos-perles-et-motifs-orientaux-550x763.jpg 550w, https:\/\/www.so-helo.com\/mariage\/blog\/wp-content\/uploads\/2014\/12\/hanah-collier-de-mariage-avec-bijou-de-dos-perles-et-motifs-orientaux-800x1110.jpg 800w, https:\/\/www.so-helo.com\/mariage\/blog\/wp-content\/uploads\/2014\/12\/hanah-collier-de-mariage-avec-bijou-de-dos-perles-et-motifs-orientaux-129x180.jpg 129w, https:\/\/www.so-helo.com\/mariage\/blog\/wp-content\/uploads\/2014\/12\/hanah-collier-de-mariage-avec-bijou-de-dos-perles-et-motifs-orientaux-360x500.jpg 360w, https:\/\/www.so-helo.com\/mariage\/blog\/wp-content\/uploads\/2014\/12\/hanah-collier-de-mariage-avec-bijou-de-dos-perles-et-motifs-orientaux.jpg 850w\" sizes=\"(max-width: 216px) 100vw, 216px\" \/><\/a>\n\t\t\t\t<\/div>\n\t\t\t\t\t<div class='wp-caption-text gallery-caption'>\n\t\t\t\t\t\t<p>\n\t\t\t\t\t\tSo H\u00e9lo &#8211; photographie C\u00e9cile Creiche\n\t\t\t\t\t\t<\/p>\n\t\t\t\t\t<\/div><\/div><div class='gallery-item gallery-item-position-2 gallery-item-attachment-3923'>\n\t\t\t\t<div class='gallery-icon portrait'>\n\t\t\t\t\t<a href='https:\/\/www.so-helo.com\/mariage\/blog\/2014\/12\/bijoux-et-accessoires-de-mariee-so-helo-collection-2015\/molly-collier-mariage-robe-dos-nu-esprit-nordique-scandinave\/' title='molly-collier-mariage-robe-dos-nu-esprit-nordique-scandinave' target='_self'><img loading=\"lazy\" decoding=\"async\" width=\"216\" height=\"300\" src=\"https:\/\/www.so-helo.com\/mariage\/blog\/wp-content\/uploads\/2014\/12\/molly-collier-mariage-robe-dos-nu-esprit-nordique-scandinave-216x300.jpg\" class=\"attachment-medium size-medium\" alt=\"\" srcset=\"https:\/\/www.so-helo.com\/mariage\/blog\/wp-content\/uploads\/2014\/12\/molly-collier-mariage-robe-dos-nu-esprit-nordique-scandinave-216x300.jpg 216w, https:\/\/www.so-helo.com\/mariage\/blog\/wp-content\/uploads\/2014\/12\/molly-collier-mariage-robe-dos-nu-esprit-nordique-scandinave-738x1024.jpg 738w, https:\/\/www.so-helo.com\/mariage\/blog\/wp-content\/uploads\/2014\/12\/molly-collier-mariage-robe-dos-nu-esprit-nordique-scandinave-250x346.jpg 250w, https:\/\/www.so-helo.com\/mariage\/blog\/wp-content\/uploads\/2014\/12\/molly-collier-mariage-robe-dos-nu-esprit-nordique-scandinave-550x762.jpg 550w, https:\/\/www.so-helo.com\/mariage\/blog\/wp-content\/uploads\/2014\/12\/molly-collier-mariage-robe-dos-nu-esprit-nordique-scandinave-800x1109.jpg 800w, https:\/\/www.so-helo.com\/mariage\/blog\/wp-content\/uploads\/2014\/12\/molly-collier-mariage-robe-dos-nu-esprit-nordique-scandinave-129x180.jpg 129w, https:\/\/www.so-helo.com\/mariage\/blog\/wp-content\/uploads\/2014\/12\/molly-collier-mariage-robe-dos-nu-esprit-nordique-scandinave-360x500.jpg 360w, https:\/\/www.so-helo.com\/mariage\/blog\/wp-content\/uploads\/2014\/12\/molly-collier-mariage-robe-dos-nu-esprit-nordique-scandinave.jpg 971w\" sizes=\"(max-width: 216px) 100vw, 216px\" \/><\/a>\n\t\t\t\t<\/div>\n\t\t\t\t\t<div class='wp-caption-text gallery-caption'>\n\t\t\t\t\t\t<p>\n\t\t\t\t\t\tSo H\u00e9lo &#8211; photographie C\u00e9cile Creiche\n\t\t\t\t\t\t<\/p>\n\t\t\t\t\t<\/div><\/div><div class='gallery-item gallery-item-position-3 gallery-item-attachment-3916'>\n\t\t\t\t<div class='gallery-icon portrait'>\n\t\t\t\t\t<a href='https:\/\/www.so-helo.com\/mariage\/blog\/2014\/12\/bijoux-et-accessoires-de-mariee-so-helo-collection-2015\/victoria-collier-mariee-avec-bijou-de-dos-tombant-retro-chic\/' title='victoria-collier-mari\u00e9e-avec-bijou-de-dos-tombant-r\u00e9tro-chic' target='_self'><img loading=\"lazy\" decoding=\"async\" width=\"216\" height=\"300\" src=\"https:\/\/www.so-helo.com\/mariage\/blog\/wp-content\/uploads\/2014\/12\/victoria-collier-mari\u00e9e-avec-bijou-de-dos-tombant-r\u00e9tro-chic-216x300.jpg\" class=\"attachment-medium size-medium\" alt=\"\" srcset=\"https:\/\/www.so-helo.com\/mariage\/blog\/wp-content\/uploads\/2014\/12\/victoria-collier-mari\u00e9e-avec-bijou-de-dos-tombant-r\u00e9tro-chic-216x300.jpg 216w, https:\/\/www.so-helo.com\/mariage\/blog\/wp-content\/uploads\/2014\/12\/victoria-collier-mari\u00e9e-avec-bijou-de-dos-tombant-r\u00e9tro-chic-737x1024.jpg 737w, https:\/\/www.so-helo.com\/mariage\/blog\/wp-content\/uploads\/2014\/12\/victoria-collier-mari\u00e9e-avec-bijou-de-dos-tombant-r\u00e9tro-chic-250x346.jpg 250w, https:\/\/www.so-helo.com\/mariage\/blog\/wp-content\/uploads\/2014\/12\/victoria-collier-mari\u00e9e-avec-bijou-de-dos-tombant-r\u00e9tro-chic-550x763.jpg 550w, https:\/\/www.so-helo.com\/mariage\/blog\/wp-content\/uploads\/2014\/12\/victoria-collier-mari\u00e9e-avec-bijou-de-dos-tombant-r\u00e9tro-chic-800x1110.jpg 800w, https:\/\/www.so-helo.com\/mariage\/blog\/wp-content\/uploads\/2014\/12\/victoria-collier-mari\u00e9e-avec-bijou-de-dos-tombant-r\u00e9tro-chic-129x180.jpg 129w, https:\/\/www.so-helo.com\/mariage\/blog\/wp-content\/uploads\/2014\/12\/victoria-collier-mari\u00e9e-avec-bijou-de-dos-tombant-r\u00e9tro-chic-360x500.jpg 360w, https:\/\/www.so-helo.com\/mariage\/blog\/wp-content\/uploads\/2014\/12\/victoria-collier-mari\u00e9e-avec-bijou-de-dos-tombant-r\u00e9tro-chic.jpg 913w\" sizes=\"(max-width: 216px) 100vw, 216px\" \/><\/a>\n\t\t\t\t<\/div>\n\t\t\t\t\t<div class='wp-caption-text gallery-caption'>\n\t\t\t\t\t\t<p>\n\t\t\t\t\t\tSo H\u00e9lo &#8211; photographie C\u00e9cile Creiche\n\t\t\t\t\t\t<\/p>\n\t\t\t\t\t<\/div><\/div><div class='gallery-item gallery-item-position-4 gallery-item-attachment-3915'>\n\t\t\t\t<div class='gallery-icon portrait'>\n\t\t\t\t\t<a href='https:\/\/www.so-helo.com\/mariage\/blog\/2014\/12\/bijoux-et-accessoires-de-mariee-so-helo-collection-2015\/tessa-collier-bijou-de-dos-mariage-avec-pompon\/' title='tessa-collier-bijou-de-dos-mariage-avec-pompon' target='_self'><img loading=\"lazy\" decoding=\"async\" width=\"216\" height=\"300\" src=\"https:\/\/www.so-helo.com\/mariage\/blog\/wp-content\/uploads\/2014\/12\/tessa-collier-bijou-de-dos-mariage-avec-pompon-216x300.jpg\" class=\"attachment-medium size-medium\" alt=\"\" srcset=\"https:\/\/www.so-helo.com\/mariage\/blog\/wp-content\/uploads\/2014\/12\/tessa-collier-bijou-de-dos-mariage-avec-pompon-216x300.jpg 216w, https:\/\/www.so-helo.com\/mariage\/blog\/wp-content\/uploads\/2014\/12\/tessa-collier-bijou-de-dos-mariage-avec-pompon-737x1024.jpg 737w, https:\/\/www.so-helo.com\/mariage\/blog\/wp-content\/uploads\/2014\/12\/tessa-collier-bijou-de-dos-mariage-avec-pompon-250x346.jpg 250w, https:\/\/www.so-helo.com\/mariage\/blog\/wp-content\/uploads\/2014\/12\/tessa-collier-bijou-de-dos-mariage-avec-pompon-550x763.jpg 550w, https:\/\/www.so-helo.com\/mariage\/blog\/wp-content\/uploads\/2014\/12\/tessa-collier-bijou-de-dos-mariage-avec-pompon-800x1110.jpg 800w, https:\/\/www.so-helo.com\/mariage\/blog\/wp-content\/uploads\/2014\/12\/tessa-collier-bijou-de-dos-mariage-avec-pompon-129x180.jpg 129w, https:\/\/www.so-helo.com\/mariage\/blog\/wp-content\/uploads\/2014\/12\/tessa-collier-bijou-de-dos-mariage-avec-pompon-360x500.jpg 360w, https:\/\/www.so-helo.com\/mariage\/blog\/wp-content\/uploads\/2014\/12\/tessa-collier-bijou-de-dos-mariage-avec-pompon.jpg 913w\" sizes=\"(max-width: 216px) 100vw, 216px\" \/><\/a>\n\t\t\t\t<\/div>\n\t\t\t\t\t<div class='wp-caption-text gallery-caption'>\n\t\t\t\t\t\t<p>\n\t\t\t\t\t\tSo H\u00e9lo &#8211; photographie C\u00e9cile Creiche\n\t\t\t\t\t\t<\/p>\n\t\t\t\t\t<\/div><\/div><div class='gallery-item gallery-item-position-5 gallery-item-attachment-3914'>\n\t\t\t\t<div class='gallery-icon portrait'>\n\t\t\t\t\t<a href='https:\/\/www.so-helo.com\/mariage\/blog\/2014\/12\/bijoux-et-accessoires-de-mariee-so-helo-collection-2015\/nina-face-pendentif-collier-bijou-de-dos-mariage\/' title='nina-face-pendentif-collier-bijou-de-dos-mariage' target='_self'><img loading=\"lazy\" decoding=\"async\" width=\"216\" height=\"300\" src=\"https:\/\/www.so-helo.com\/mariage\/blog\/wp-content\/uploads\/2014\/12\/nina-face-pendentif-collier-bijou-de-dos-mariage-216x300.jpg\" class=\"attachment-medium size-medium\" alt=\"\" srcset=\"https:\/\/www.so-helo.com\/mariage\/blog\/wp-content\/uploads\/2014\/12\/nina-face-pendentif-collier-bijou-de-dos-mariage-216x300.jpg 216w, https:\/\/www.so-helo.com\/mariage\/blog\/wp-content\/uploads\/2014\/12\/nina-face-pendentif-collier-bijou-de-dos-mariage-737x1024.jpg 737w, https:\/\/www.so-helo.com\/mariage\/blog\/wp-content\/uploads\/2014\/12\/nina-face-pendentif-collier-bijou-de-dos-mariage-250x347.jpg 250w, https:\/\/www.so-helo.com\/mariage\/blog\/wp-content\/uploads\/2014\/12\/nina-face-pendentif-collier-bijou-de-dos-mariage-550x763.jpg 550w, https:\/\/www.so-helo.com\/mariage\/blog\/wp-content\/uploads\/2014\/12\/nina-face-pendentif-collier-bijou-de-dos-mariage-800x1110.jpg 800w, https:\/\/www.so-helo.com\/mariage\/blog\/wp-content\/uploads\/2014\/12\/nina-face-pendentif-collier-bijou-de-dos-mariage-129x180.jpg 129w, https:\/\/www.so-helo.com\/mariage\/blog\/wp-content\/uploads\/2014\/12\/nina-face-pendentif-collier-bijou-de-dos-mariage-360x500.jpg 360w, https:\/\/www.so-helo.com\/mariage\/blog\/wp-content\/uploads\/2014\/12\/nina-face-pendentif-collier-bijou-de-dos-mariage.jpg 1064w\" sizes=\"(max-width: 216px) 100vw, 216px\" \/><\/a>\n\t\t\t\t<\/div>\n\t\t\t\t\t<div class='wp-caption-text gallery-caption'>\n\t\t\t\t\t\t<p>\n\t\t\t\t\t\tSo H\u00e9lo &#8211; photographie C\u00e9cile Creiche\n\t\t\t\t\t\t<\/p>\n\t\t\t\t\t<\/div><\/div><div class='gallery-item gallery-item-position-6 gallery-item-attachment-3913'>\n\t\t\t\t<div class='gallery-icon portrait'>\n\t\t\t\t\t<a href='https:\/\/www.so-helo.com\/mariage\/blog\/2014\/12\/bijoux-et-accessoires-de-mariee-so-helo-collection-2015\/nina-bijou-mariage-collier-de-dos-nu\/' title='nina-bijou-mariage-collier-de-dos-nu' target='_self'><img loading=\"lazy\" decoding=\"async\" width=\"215\" height=\"300\" src=\"https:\/\/www.so-helo.com\/mariage\/blog\/wp-content\/uploads\/2014\/12\/nina-bijou-mariage-collier-de-dos-nu-215x300.jpg\" class=\"attachment-medium size-medium\" alt=\"\" srcset=\"https:\/\/www.so-helo.com\/mariage\/blog\/wp-content\/uploads\/2014\/12\/nina-bijou-mariage-collier-de-dos-nu-215x300.jpg 215w, https:\/\/www.so-helo.com\/mariage\/blog\/wp-content\/uploads\/2014\/12\/nina-bijou-mariage-collier-de-dos-nu-737x1024.jpg 737w, https:\/\/www.so-helo.com\/mariage\/blog\/wp-content\/uploads\/2014\/12\/nina-bijou-mariage-collier-de-dos-nu-550x764.jpg 550w, https:\/\/www.so-helo.com\/mariage\/blog\/wp-content\/uploads\/2014\/12\/nina-bijou-mariage-collier-de-dos-nu-800x1111.jpg 800w, https:\/\/www.so-helo.com\/mariage\/blog\/wp-content\/uploads\/2014\/12\/nina-bijou-mariage-collier-de-dos-nu-129x180.jpg 129w, https:\/\/www.so-helo.com\/mariage\/blog\/wp-content\/uploads\/2014\/12\/nina-bijou-mariage-collier-de-dos-nu-359x500.jpg 359w, https:\/\/www.so-helo.com\/mariage\/blog\/wp-content\/uploads\/2014\/12\/nina-bijou-mariage-collier-de-dos-nu.jpg 889w\" sizes=\"(max-width: 215px) 100vw, 215px\" \/><\/a>\n\t\t\t\t<\/div>\n\t\t\t\t\t<div class='wp-caption-text gallery-caption'>\n\t\t\t\t\t\t<p>\n\t\t\t\t\t\tSo H\u00e9lo &#8211; photographie C\u00e9cile Creiche\n\t\t\t\t\t\t<\/p>\n\t\t\t\t\t<\/div><\/div><div class='gallery-item gallery-item-position-7 gallery-item-attachment-3910'>\n\t\t\t\t<div class='gallery-icon portrait'>\n\t\t\t\t\t<a href='https:\/\/www.so-helo.com\/mariage\/blog\/2014\/12\/bijoux-et-accessoires-de-mariee-so-helo-collection-2015\/angelique-double-peigne-mariage-coiffure-strass-boheme\/' title='angelique-double-peigne-mariage-coiffure-strass-boheme' target='_self'><img loading=\"lazy\" decoding=\"async\" width=\"216\" height=\"300\" src=\"https:\/\/www.so-helo.com\/mariage\/blog\/wp-content\/uploads\/2014\/12\/angelique-double-peigne-mariage-coiffure-strass-boheme-216x300.jpg\" class=\"attachment-medium size-medium\" alt=\"\" srcset=\"https:\/\/www.so-helo.com\/mariage\/blog\/wp-content\/uploads\/2014\/12\/angelique-double-peigne-mariage-coiffure-strass-boheme-216x300.jpg 216w, https:\/\/www.so-helo.com\/mariage\/blog\/wp-content\/uploads\/2014\/12\/angelique-double-peigne-mariage-coiffure-strass-boheme-737x1024.jpg 737w, https:\/\/www.so-helo.com\/mariage\/blog\/wp-content\/uploads\/2014\/12\/angelique-double-peigne-mariage-coiffure-strass-boheme-250x347.jpg 250w, https:\/\/www.so-helo.com\/mariage\/blog\/wp-content\/uploads\/2014\/12\/angelique-double-peigne-mariage-coiffure-strass-boheme-550x763.jpg 550w, https:\/\/www.so-helo.com\/mariage\/blog\/wp-content\/uploads\/2014\/12\/angelique-double-peigne-mariage-coiffure-strass-boheme-800x1110.jpg 800w, https:\/\/www.so-helo.com\/mariage\/blog\/wp-content\/uploads\/2014\/12\/angelique-double-peigne-mariage-coiffure-strass-boheme-129x180.jpg 129w, https:\/\/www.so-helo.com\/mariage\/blog\/wp-content\/uploads\/2014\/12\/angelique-double-peigne-mariage-coiffure-strass-boheme-360x500.jpg 360w, https:\/\/www.so-helo.com\/mariage\/blog\/wp-content\/uploads\/2014\/12\/angelique-double-peigne-mariage-coiffure-strass-boheme.jpg 850w\" sizes=\"(max-width: 216px) 100vw, 216px\" \/><\/a>\n\t\t\t\t<\/div>\n\t\t\t\t\t<div class='wp-caption-text gallery-caption'>\n\t\t\t\t\t\t<p>\n\t\t\t\t\t\tSo H\u00e9lo &#8211; photographie C\u00e9cile Creiche\n\t\t\t\t\t\t<\/p>\n\t\t\t\t\t<\/div><\/div><div class='gallery-item gallery-item-position-8 gallery-item-attachment-3911'>\n\t\t\t\t<div class='gallery-icon portrait'>\n\t\t\t\t\t<a href='https:\/\/www.so-helo.com\/mariage\/blog\/2014\/12\/bijoux-et-accessoires-de-mariee-so-helo-collection-2015\/celestine-peigne-mariage-feuillages-fleurs\/' title='celestine-peigne-mariage-feuillages-fleurs' target='_self'><img loading=\"lazy\" decoding=\"async\" width=\"216\" height=\"300\" src=\"https:\/\/www.so-helo.com\/mariage\/blog\/wp-content\/uploads\/2014\/12\/celestine-peigne-mariage-feuillages-fleurs-216x300.jpg\" class=\"attachment-medium size-medium\" alt=\"\" srcset=\"https:\/\/www.so-helo.com\/mariage\/blog\/wp-content\/uploads\/2014\/12\/celestine-peigne-mariage-feuillages-fleurs-216x300.jpg 216w, https:\/\/www.so-helo.com\/mariage\/blog\/wp-content\/uploads\/2014\/12\/celestine-peigne-mariage-feuillages-fleurs-737x1024.jpg 737w, https:\/\/www.so-helo.com\/mariage\/blog\/wp-content\/uploads\/2014\/12\/celestine-peigne-mariage-feuillages-fleurs-250x347.jpg 250w, https:\/\/www.so-helo.com\/mariage\/blog\/wp-content\/uploads\/2014\/12\/celestine-peigne-mariage-feuillages-fleurs-550x763.jpg 550w, https:\/\/www.so-helo.com\/mariage\/blog\/wp-content\/uploads\/2014\/12\/celestine-peigne-mariage-feuillages-fleurs-800x1110.jpg 800w, https:\/\/www.so-helo.com\/mariage\/blog\/wp-content\/uploads\/2014\/12\/celestine-peigne-mariage-feuillages-fleurs-129x180.jpg 129w, https:\/\/www.so-helo.com\/mariage\/blog\/wp-content\/uploads\/2014\/12\/celestine-peigne-mariage-feuillages-fleurs-360x500.jpg 360w, https:\/\/www.so-helo.com\/mariage\/blog\/wp-content\/uploads\/2014\/12\/celestine-peigne-mariage-feuillages-fleurs.jpg 986w\" sizes=\"(max-width: 216px) 100vw, 216px\" \/><\/a>\n\t\t\t\t<\/div>\n\t\t\t\t\t<div class='wp-caption-text gallery-caption'>\n\t\t\t\t\t\t<p>\n\t\t\t\t\t\tSo H\u00e9lo &#8211; photographie C\u00e9cile Creiche\n\t\t\t\t\t\t<\/p>\n\t\t\t\t\t<\/div><\/div><div class='gallery-item gallery-item-position-9 gallery-item-attachment-3912'>\n\t\t\t\t<div class='gallery-icon portrait'>\n\t\t\t\t\t<a href='https:\/\/www.so-helo.com\/mariage\/blog\/2014\/12\/bijoux-et-accessoires-de-mariee-so-helo-collection-2015\/alice-accessoire-cheveux-mariage-avec-cristaux-strass-chic-glamour\/' title='alice-accessoire-cheveux-mariage-avec-cristaux-strass-chic-glamour' target='_self'><img loading=\"lazy\" decoding=\"async\" width=\"215\" height=\"300\" src=\"https:\/\/www.so-helo.com\/mariage\/blog\/wp-content\/uploads\/2014\/12\/alice-accessoire-cheveux-mariage-avec-cristaux-strass-chic-glamour-215x300.jpg\" class=\"attachment-medium size-medium\" alt=\"\" srcset=\"https:\/\/www.so-helo.com\/mariage\/blog\/wp-content\/uploads\/2014\/12\/alice-accessoire-cheveux-mariage-avec-cristaux-strass-chic-glamour-215x300.jpg 215w, https:\/\/www.so-helo.com\/mariage\/blog\/wp-content\/uploads\/2014\/12\/alice-accessoire-cheveux-mariage-avec-cristaux-strass-chic-glamour-737x1024.jpg 737w, https:\/\/www.so-helo.com\/mariage\/blog\/wp-content\/uploads\/2014\/12\/alice-accessoire-cheveux-mariage-avec-cristaux-strass-chic-glamour-800x1111.jpg 800w, https:\/\/www.so-helo.com\/mariage\/blog\/wp-content\/uploads\/2014\/12\/alice-accessoire-cheveux-mariage-avec-cristaux-strass-chic-glamour-129x180.jpg 129w, https:\/\/www.so-helo.com\/mariage\/blog\/wp-content\/uploads\/2014\/12\/alice-accessoire-cheveux-mariage-avec-cristaux-strass-chic-glamour-359x500.jpg 359w, https:\/\/www.so-helo.com\/mariage\/blog\/wp-content\/uploads\/2014\/12\/alice-accessoire-cheveux-mariage-avec-cristaux-strass-chic-glamour.jpg 861w\" sizes=\"(max-width: 215px) 100vw, 215px\" \/><\/a>\n\t\t\t\t<\/div>\n\t\t\t\t\t<div class='wp-caption-text gallery-caption'>\n\t\t\t\t\t\t<p>\n\t\t\t\t\t\tSo H\u00e9lo &#8211; photographie C\u00e9cile Creiche\n\t\t\t\t\t\t<\/p>\n\t\t\t\t\t<\/div><\/div><div class='gallery-item gallery-item-position-10 gallery-item-attachment-3906'>\n\t\t\t\t<div class='gallery-icon portrait'>\n\t\t\t\t\t<a href='https:\/\/www.so-helo.com\/mariage\/blog\/2014\/12\/bijoux-et-accessoires-de-mariee-so-helo-collection-2015\/eva-headband-bijou-de-tete-mariee-boheme\/' title='eva-headband-bijou-de-t\u00eate-mari\u00e9e-boh\u00e8me' target='_self'><img loading=\"lazy\" decoding=\"async\" width=\"216\" height=\"300\" src=\"https:\/\/www.so-helo.com\/mariage\/blog\/wp-content\/uploads\/2014\/12\/eva-headband-bijou-de-t\u00eate-mari\u00e9e-boh\u00e8me-216x300.jpg\" class=\"attachment-medium size-medium\" alt=\"\" srcset=\"https:\/\/www.so-helo.com\/mariage\/blog\/wp-content\/uploads\/2014\/12\/eva-headband-bijou-de-t\u00eate-mari\u00e9e-boh\u00e8me-216x300.jpg 216w, https:\/\/www.so-helo.com\/mariage\/blog\/wp-content\/uploads\/2014\/12\/eva-headband-bijou-de-t\u00eate-mari\u00e9e-boh\u00e8me-737x1024.jpg 737w, https:\/\/www.so-helo.com\/mariage\/blog\/wp-content\/uploads\/2014\/12\/eva-headband-bijou-de-t\u00eate-mari\u00e9e-boh\u00e8me-250x347.jpg 250w, https:\/\/www.so-helo.com\/mariage\/blog\/wp-content\/uploads\/2014\/12\/eva-headband-bijou-de-t\u00eate-mari\u00e9e-boh\u00e8me-550x763.jpg 550w, https:\/\/www.so-helo.com\/mariage\/blog\/wp-content\/uploads\/2014\/12\/eva-headband-bijou-de-t\u00eate-mari\u00e9e-boh\u00e8me-800x1110.jpg 800w, https:\/\/www.so-helo.com\/mariage\/blog\/wp-content\/uploads\/2014\/12\/eva-headband-bijou-de-t\u00eate-mari\u00e9e-boh\u00e8me-129x180.jpg 129w, https:\/\/www.so-helo.com\/mariage\/blog\/wp-content\/uploads\/2014\/12\/eva-headband-bijou-de-t\u00eate-mari\u00e9e-boh\u00e8me-360x500.jpg 360w, https:\/\/www.so-helo.com\/mariage\/blog\/wp-content\/uploads\/2014\/12\/eva-headband-bijou-de-t\u00eate-mari\u00e9e-boh\u00e8me.jpg 1064w\" sizes=\"(max-width: 216px) 100vw, 216px\" \/><\/a>\n\t\t\t\t<\/div>\n\t\t\t\t\t<div class='wp-caption-text gallery-caption'>\n\t\t\t\t\t\t<p>\n\t\t\t\t\t\tSo H\u00e9lo &#8211; photographie C\u00e9cile Creiche\n\t\t\t\t\t\t<\/p>\n\t\t\t\t\t<\/div><\/div><div class='gallery-item gallery-item-position-11 gallery-item-attachment-3905'>\n\t\t\t\t<div class='gallery-icon portrait'>\n\t\t\t\t\t<a href='https:\/\/www.so-helo.com\/mariage\/blog\/2014\/12\/bijoux-et-accessoires-de-mariee-so-helo-collection-2015\/bonnie-headband-mariage-bijou-de-tete-cristal\/' title='bonnie-headband-mariage-bijou-de-t\u00eate-cristal' target='_self'><img loading=\"lazy\" decoding=\"async\" width=\"216\" height=\"300\" src=\"https:\/\/www.so-helo.com\/mariage\/blog\/wp-content\/uploads\/2014\/12\/bonnie-headband-mariage-bijou-de-t\u00eate-cristal-216x300.jpg\" class=\"attachment-medium size-medium\" alt=\"\" srcset=\"https:\/\/www.so-helo.com\/mariage\/blog\/wp-content\/uploads\/2014\/12\/bonnie-headband-mariage-bijou-de-t\u00eate-cristal-216x300.jpg 216w, https:\/\/www.so-helo.com\/mariage\/blog\/wp-content\/uploads\/2014\/12\/bonnie-headband-mariage-bijou-de-t\u00eate-cristal-737x1024.jpg 737w, https:\/\/www.so-helo.com\/mariage\/blog\/wp-content\/uploads\/2014\/12\/bonnie-headband-mariage-bijou-de-t\u00eate-cristal-250x347.jpg 250w, https:\/\/www.so-helo.com\/mariage\/blog\/wp-content\/uploads\/2014\/12\/bonnie-headband-mariage-bijou-de-t\u00eate-cristal-550x763.jpg 550w, https:\/\/www.so-helo.com\/mariage\/blog\/wp-content\/uploads\/2014\/12\/bonnie-headband-mariage-bijou-de-t\u00eate-cristal-800x1110.jpg 800w, https:\/\/www.so-helo.com\/mariage\/blog\/wp-content\/uploads\/2014\/12\/bonnie-headband-mariage-bijou-de-t\u00eate-cristal-129x180.jpg 129w, https:\/\/www.so-helo.com\/mariage\/blog\/wp-content\/uploads\/2014\/12\/bonnie-headband-mariage-bijou-de-t\u00eate-cristal-360x500.jpg 360w, https:\/\/www.so-helo.com\/mariage\/blog\/wp-content\/uploads\/2014\/12\/bonnie-headband-mariage-bijou-de-t\u00eate-cristal.jpg 1064w\" sizes=\"(max-width: 216px) 100vw, 216px\" \/><\/a>\n\t\t\t\t<\/div>\n\t\t\t\t\t<div class='wp-caption-text gallery-caption'>\n\t\t\t\t\t\t<p>\n\t\t\t\t\t\tSo H\u00e9lo &#8211; photographie C\u00e9cile Creiche\n\t\t\t\t\t\t<\/p>\n\t\t\t\t\t<\/div><\/div><div class='gallery-item gallery-item-position-12 gallery-item-attachment-3904'>\n\t\t\t\t<div class='gallery-icon portrait'>\n\t\t\t\t\t<a href='https:\/\/www.so-helo.com\/mariage\/blog\/2014\/12\/bijoux-et-accessoires-de-mariee-so-helo-collection-2015\/petronille-couronne-fleurs-soie-et-dentelle-et-cristaux\/' title='petronille-couronne-fleurs-soie-et-dentelle-et-cristaux' target='_self'><img loading=\"lazy\" decoding=\"async\" width=\"216\" height=\"300\" src=\"https:\/\/www.so-helo.com\/mariage\/blog\/wp-content\/uploads\/2014\/12\/petronille-couronne-fleurs-soie-et-dentelle-et-cristaux-216x300.jpg\" class=\"attachment-medium size-medium\" alt=\"\" srcset=\"https:\/\/www.so-helo.com\/mariage\/blog\/wp-content\/uploads\/2014\/12\/petronille-couronne-fleurs-soie-et-dentelle-et-cristaux-216x300.jpg 216w, https:\/\/www.so-helo.com\/mariage\/blog\/wp-content\/uploads\/2014\/12\/petronille-couronne-fleurs-soie-et-dentelle-et-cristaux-737x1024.jpg 737w, https:\/\/www.so-helo.com\/mariage\/blog\/wp-content\/uploads\/2014\/12\/petronille-couronne-fleurs-soie-et-dentelle-et-cristaux-250x347.jpg 250w, https:\/\/www.so-helo.com\/mariage\/blog\/wp-content\/uploads\/2014\/12\/petronille-couronne-fleurs-soie-et-dentelle-et-cristaux-550x763.jpg 550w, https:\/\/www.so-helo.com\/mariage\/blog\/wp-content\/uploads\/2014\/12\/petronille-couronne-fleurs-soie-et-dentelle-et-cristaux-800x1110.jpg 800w, https:\/\/www.so-helo.com\/mariage\/blog\/wp-content\/uploads\/2014\/12\/petronille-couronne-fleurs-soie-et-dentelle-et-cristaux-129x180.jpg 129w, https:\/\/www.so-helo.com\/mariage\/blog\/wp-content\/uploads\/2014\/12\/petronille-couronne-fleurs-soie-et-dentelle-et-cristaux-360x500.jpg 360w, https:\/\/www.so-helo.com\/mariage\/blog\/wp-content\/uploads\/2014\/12\/petronille-couronne-fleurs-soie-et-dentelle-et-cristaux.jpg 903w\" sizes=\"(max-width: 216px) 100vw, 216px\" \/><\/a>\n\t\t\t\t<\/div>\n\t\t\t\t\t<div class='wp-caption-text gallery-caption'>\n\t\t\t\t\t\t<p>\n\t\t\t\t\t\tSo H\u00e9lo &#8211; photographie C\u00e9cile Creiche\n\t\t\t\t\t\t<\/p>\n\t\t\t\t\t<\/div><\/div><div class='gallery-item gallery-item-position-13 gallery-item-attachment-3902'>\n\t\t\t\t<div class='gallery-icon portrait'>\n\t\t\t\t\t<a href='https:\/\/www.so-helo.com\/mariage\/blog\/2014\/12\/bijoux-et-accessoires-de-mariee-so-helo-collection-2015\/olivia-couronne-headband-mariage-feuilles-style-laurier-esprit-deesse-grecque\/' title='olivia-couronne-headband-mariage-feuilles-style-laurier-esprit-d\u00e9esse-grecque' target='_self'><img loading=\"lazy\" decoding=\"async\" width=\"216\" height=\"300\" src=\"https:\/\/www.so-helo.com\/mariage\/blog\/wp-content\/uploads\/2014\/12\/olivia-couronne-headband-mariage-feuilles-style-laurier-esprit-d\u00e9esse-grecque-216x300.jpg\" class=\"attachment-medium size-medium\" alt=\"\" srcset=\"https:\/\/www.so-helo.com\/mariage\/blog\/wp-content\/uploads\/2014\/12\/olivia-couronne-headband-mariage-feuilles-style-laurier-esprit-d\u00e9esse-grecque-216x300.jpg 216w, https:\/\/www.so-helo.com\/mariage\/blog\/wp-content\/uploads\/2014\/12\/olivia-couronne-headband-mariage-feuilles-style-laurier-esprit-d\u00e9esse-grecque-738x1024.jpg 738w, https:\/\/www.so-helo.com\/mariage\/blog\/wp-content\/uploads\/2014\/12\/olivia-couronne-headband-mariage-feuilles-style-laurier-esprit-d\u00e9esse-grecque-250x346.jpg 250w, https:\/\/www.so-helo.com\/mariage\/blog\/wp-content\/uploads\/2014\/12\/olivia-couronne-headband-mariage-feuilles-style-laurier-esprit-d\u00e9esse-grecque-550x763.jpg 550w, https:\/\/www.so-helo.com\/mariage\/blog\/wp-content\/uploads\/2014\/12\/olivia-couronne-headband-mariage-feuilles-style-laurier-esprit-d\u00e9esse-grecque-800x1109.jpg 800w, https:\/\/www.so-helo.com\/mariage\/blog\/wp-content\/uploads\/2014\/12\/olivia-couronne-headband-mariage-feuilles-style-laurier-esprit-d\u00e9esse-grecque-129x180.jpg 129w, https:\/\/www.so-helo.com\/mariage\/blog\/wp-content\/uploads\/2014\/12\/olivia-couronne-headband-mariage-feuilles-style-laurier-esprit-d\u00e9esse-grecque-360x500.jpg 360w, https:\/\/www.so-helo.com\/mariage\/blog\/wp-content\/uploads\/2014\/12\/olivia-couronne-headband-mariage-feuilles-style-laurier-esprit-d\u00e9esse-grecque.jpg 1038w\" sizes=\"(max-width: 216px) 100vw, 216px\" \/><\/a>\n\t\t\t\t<\/div>\n\t\t\t\t\t<div class='wp-caption-text gallery-caption'>\n\t\t\t\t\t\t<p>\n\t\t\t\t\t\tSo H\u00e9lo &#8211; photographie C\u00e9cile Creiche\n\t\t\t\t\t\t<\/p>\n\t\t\t\t\t<\/div><\/div><div class='gallery-item gallery-item-position-14 gallery-item-attachment-3901'>\n\t\t\t\t<div class='gallery-icon portrait'>\n\t\t\t\t\t<a href='https:\/\/www.so-helo.com\/mariage\/blog\/2014\/12\/bijoux-et-accessoires-de-mariee-so-helo-collection-2015\/odette-couronne-headband-strass-cristaux-mariage-glamour\/' title='odette-couronne-headband-strass-cristaux-mariage-glamour' target='_self'><img loading=\"lazy\" decoding=\"async\" width=\"216\" height=\"300\" src=\"https:\/\/www.so-helo.com\/mariage\/blog\/wp-content\/uploads\/2014\/12\/odette-couronne-headband-strass-cristaux-mariage-glamour-216x300.jpg\" class=\"attachment-medium size-medium\" alt=\"\" srcset=\"https:\/\/www.so-helo.com\/mariage\/blog\/wp-content\/uploads\/2014\/12\/odette-couronne-headband-strass-cristaux-mariage-glamour-216x300.jpg 216w, https:\/\/www.so-helo.com\/mariage\/blog\/wp-content\/uploads\/2014\/12\/odette-couronne-headband-strass-cristaux-mariage-glamour-737x1024.jpg 737w, https:\/\/www.so-helo.com\/mariage\/blog\/wp-content\/uploads\/2014\/12\/odette-couronne-headband-strass-cristaux-mariage-glamour-250x346.jpg 250w, https:\/\/www.so-helo.com\/mariage\/blog\/wp-content\/uploads\/2014\/12\/odette-couronne-headband-strass-cristaux-mariage-glamour-550x763.jpg 550w, https:\/\/www.so-helo.com\/mariage\/blog\/wp-content\/uploads\/2014\/12\/odette-couronne-headband-strass-cristaux-mariage-glamour-800x1110.jpg 800w, https:\/\/www.so-helo.com\/mariage\/blog\/wp-content\/uploads\/2014\/12\/odette-couronne-headband-strass-cristaux-mariage-glamour-129x180.jpg 129w, https:\/\/www.so-helo.com\/mariage\/blog\/wp-content\/uploads\/2014\/12\/odette-couronne-headband-strass-cristaux-mariage-glamour-360x500.jpg 360w, https:\/\/www.so-helo.com\/mariage\/blog\/wp-content\/uploads\/2014\/12\/odette-couronne-headband-strass-cristaux-mariage-glamour.jpg 985w\" sizes=\"(max-width: 216px) 100vw, 216px\" \/><\/a>\n\t\t\t\t<\/div>\n\t\t\t\t\t<div class='wp-caption-text gallery-caption'>\n\t\t\t\t\t\t<p>\n\t\t\t\t\t\tSo H\u00e9lo &#8211; photographie C\u00e9cile Creiche\n\t\t\t\t\t\t<\/p>\n\t\t\t\t\t<\/div><\/div><div class='gallery-item gallery-item-position-15 gallery-item-attachment-3900'>\n\t\t\t\t<div class='gallery-icon portrait'>\n\t\t\t\t\t<a href='https:\/\/www.so-helo.com\/mariage\/blog\/2014\/12\/bijoux-et-accessoires-de-mariee-so-helo-collection-2015\/laurette-couronne-mariee-fleurs-et-feuillages-dores\/' title='laurette-couronne-mari\u00e9e-fleurs-et-feuillages-dor\u00e9s' target='_self'><img loading=\"lazy\" decoding=\"async\" width=\"216\" height=\"300\" src=\"https:\/\/www.so-helo.com\/mariage\/blog\/wp-content\/uploads\/2014\/12\/laurette-couronne-mari\u00e9e-fleurs-et-feuillages-dor\u00e9s-216x300.jpg\" class=\"attachment-medium size-medium\" alt=\"\" srcset=\"https:\/\/www.so-helo.com\/mariage\/blog\/wp-content\/uploads\/2014\/12\/laurette-couronne-mari\u00e9e-fleurs-et-feuillages-dor\u00e9s-216x300.jpg 216w, https:\/\/www.so-helo.com\/mariage\/blog\/wp-content\/uploads\/2014\/12\/laurette-couronne-mari\u00e9e-fleurs-et-feuillages-dor\u00e9s-737x1024.jpg 737w, https:\/\/www.so-helo.com\/mariage\/blog\/wp-content\/uploads\/2014\/12\/laurette-couronne-mari\u00e9e-fleurs-et-feuillages-dor\u00e9s-250x347.jpg 250w, https:\/\/www.so-helo.com\/mariage\/blog\/wp-content\/uploads\/2014\/12\/laurette-couronne-mari\u00e9e-fleurs-et-feuillages-dor\u00e9s-550x763.jpg 550w, https:\/\/www.so-helo.com\/mariage\/blog\/wp-content\/uploads\/2014\/12\/laurette-couronne-mari\u00e9e-fleurs-et-feuillages-dor\u00e9s-800x1110.jpg 800w, https:\/\/www.so-helo.com\/mariage\/blog\/wp-content\/uploads\/2014\/12\/laurette-couronne-mari\u00e9e-fleurs-et-feuillages-dor\u00e9s-129x180.jpg 129w, https:\/\/www.so-helo.com\/mariage\/blog\/wp-content\/uploads\/2014\/12\/laurette-couronne-mari\u00e9e-fleurs-et-feuillages-dor\u00e9s-360x500.jpg 360w, https:\/\/www.so-helo.com\/mariage\/blog\/wp-content\/uploads\/2014\/12\/laurette-couronne-mari\u00e9e-fleurs-et-feuillages-dor\u00e9s.jpg 850w\" sizes=\"(max-width: 216px) 100vw, 216px\" \/><\/a>\n\t\t\t\t<\/div>\n\t\t\t\t\t<div class='wp-caption-text gallery-caption'>\n\t\t\t\t\t\t<p>\n\t\t\t\t\t\tSo H\u00e9lo &#8211; photographie C\u00e9cile Creiche\n\t\t\t\t\t\t<\/p>\n\t\t\t\t\t<\/div><\/div><div class='gallery-item gallery-item-position-16 gallery-item-attachment-3899'>\n\t\t\t\t<div class='gallery-icon portrait'>\n\t\t\t\t\t<a href='https:\/\/www.so-helo.com\/mariage\/blog\/2014\/12\/bijoux-et-accessoires-de-mariee-so-helo-collection-2015\/laurette-couronne-headband-mariage-dore-fleurs-laiton\/' title='laurette-couronne-headband-mariage-dor\u00e9-fleurs-laiton' target='_self'><img loading=\"lazy\" decoding=\"async\" width=\"216\" height=\"300\" src=\"https:\/\/www.so-helo.com\/mariage\/blog\/wp-content\/uploads\/2014\/12\/laurette-couronne-headband-mariage-dor\u00e9-fleurs-laiton-216x300.jpg\" class=\"attachment-medium size-medium\" alt=\"\" srcset=\"https:\/\/www.so-helo.com\/mariage\/blog\/wp-content\/uploads\/2014\/12\/laurette-couronne-headband-mariage-dor\u00e9-fleurs-laiton-216x300.jpg 216w, https:\/\/www.so-helo.com\/mariage\/blog\/wp-content\/uploads\/2014\/12\/laurette-couronne-headband-mariage-dor\u00e9-fleurs-laiton-737x1024.jpg 737w, https:\/\/www.so-helo.com\/mariage\/blog\/wp-content\/uploads\/2014\/12\/laurette-couronne-headband-mariage-dor\u00e9-fleurs-laiton-250x347.jpg 250w, https:\/\/www.so-helo.com\/mariage\/blog\/wp-content\/uploads\/2014\/12\/laurette-couronne-headband-mariage-dor\u00e9-fleurs-laiton-550x763.jpg 550w, https:\/\/www.so-helo.com\/mariage\/blog\/wp-content\/uploads\/2014\/12\/laurette-couronne-headband-mariage-dor\u00e9-fleurs-laiton-800x1110.jpg 800w, https:\/\/www.so-helo.com\/mariage\/blog\/wp-content\/uploads\/2014\/12\/laurette-couronne-headband-mariage-dor\u00e9-fleurs-laiton-129x180.jpg 129w, https:\/\/www.so-helo.com\/mariage\/blog\/wp-content\/uploads\/2014\/12\/laurette-couronne-headband-mariage-dor\u00e9-fleurs-laiton-360x500.jpg 360w, https:\/\/www.so-helo.com\/mariage\/blog\/wp-content\/uploads\/2014\/12\/laurette-couronne-headband-mariage-dor\u00e9-fleurs-laiton.jpg 850w\" sizes=\"(max-width: 216px) 100vw, 216px\" \/><\/a>\n\t\t\t\t<\/div>\n\t\t\t\t\t<div class='wp-caption-text gallery-caption'>\n\t\t\t\t\t\t<p>\n\t\t\t\t\t\tSo H\u00e9lo &#8211; photographie C\u00e9cile Creiche\n\t\t\t\t\t\t<\/p>\n\t\t\t\t\t<\/div><\/div><div class='gallery-item gallery-item-position-17 gallery-item-attachment-3898'>\n\t\t\t\t<div class='gallery-icon portrait'>\n\t\t\t\t\t<a href='https:\/\/www.so-helo.com\/mariage\/blog\/2014\/12\/bijoux-et-accessoires-de-mariee-so-helo-collection-2015\/jeanne-couronne-headband-fine-avec-fleurs-cerisiers-cristaux-et-perles\/' title='jeanne-couronne-headband-fine-avec-fleurs-cerisiers-cristaux-et-perles' target='_self'><img loading=\"lazy\" decoding=\"async\" width=\"216\" height=\"300\" src=\"https:\/\/www.so-helo.com\/mariage\/blog\/wp-content\/uploads\/2014\/12\/jeanne-couronne-headband-fine-avec-fleurs-cerisiers-cristaux-et-perles-216x300.jpg\" class=\"attachment-medium size-medium\" alt=\"\" srcset=\"https:\/\/www.so-helo.com\/mariage\/blog\/wp-content\/uploads\/2014\/12\/jeanne-couronne-headband-fine-avec-fleurs-cerisiers-cristaux-et-perles-216x300.jpg 216w, https:\/\/www.so-helo.com\/mariage\/blog\/wp-content\/uploads\/2014\/12\/jeanne-couronne-headband-fine-avec-fleurs-cerisiers-cristaux-et-perles-738x1024.jpg 738w, https:\/\/www.so-helo.com\/mariage\/blog\/wp-content\/uploads\/2014\/12\/jeanne-couronne-headband-fine-avec-fleurs-cerisiers-cristaux-et-perles-250x346.jpg 250w, https:\/\/www.so-helo.com\/mariage\/blog\/wp-content\/uploads\/2014\/12\/jeanne-couronne-headband-fine-avec-fleurs-cerisiers-cristaux-et-perles-550x763.jpg 550w, https:\/\/www.so-helo.com\/mariage\/blog\/wp-content\/uploads\/2014\/12\/jeanne-couronne-headband-fine-avec-fleurs-cerisiers-cristaux-et-perles-800x1109.jpg 800w, https:\/\/www.so-helo.com\/mariage\/blog\/wp-content\/uploads\/2014\/12\/jeanne-couronne-headband-fine-avec-fleurs-cerisiers-cristaux-et-perles-129x180.jpg 129w, https:\/\/www.so-helo.com\/mariage\/blog\/wp-content\/uploads\/2014\/12\/jeanne-couronne-headband-fine-avec-fleurs-cerisiers-cristaux-et-perles-360x500.jpg 360w, https:\/\/www.so-helo.com\/mariage\/blog\/wp-content\/uploads\/2014\/12\/jeanne-couronne-headband-fine-avec-fleurs-cerisiers-cristaux-et-perles.jpg 1038w\" sizes=\"(max-width: 216px) 100vw, 216px\" \/><\/a>\n\t\t\t\t<\/div>\n\t\t\t\t\t<div class='wp-caption-text gallery-caption'>\n\t\t\t\t\t\t<p>\n\t\t\t\t\t\tSo H\u00e9lo &#8211; photographie C\u00e9cile Creiche\n\t\t\t\t\t\t<\/p>\n\t\t\t\t\t<\/div><\/div><div class='gallery-item gallery-item-position-18 gallery-item-attachment-3894'>\n\t\t\t\t<div class='gallery-icon portrait'>\n\t\t\t\t\t<a href='https:\/\/www.so-helo.com\/mariage\/blog\/2014\/12\/bijoux-et-accessoires-de-mariee-so-helo-collection-2015\/sog-helo2015-226\/' title='sog-helo2015-226' target='_self'><img loading=\"lazy\" decoding=\"async\" width=\"199\" height=\"300\" src=\"https:\/\/www.so-helo.com\/mariage\/blog\/wp-content\/uploads\/2014\/12\/sog-helo2015-226-199x300.jpg\" class=\"attachment-medium size-medium\" alt=\"\" srcset=\"https:\/\/www.so-helo.com\/mariage\/blog\/wp-content\/uploads\/2014\/12\/sog-helo2015-226-199x300.jpg 199w, https:\/\/www.so-helo.com\/mariage\/blog\/wp-content\/uploads\/2014\/12\/sog-helo2015-226-681x1024.jpg 681w, https:\/\/www.so-helo.com\/mariage\/blog\/wp-content\/uploads\/2014\/12\/sog-helo2015-226-250x375.jpg 250w, https:\/\/www.so-helo.com\/mariage\/blog\/wp-content\/uploads\/2014\/12\/sog-helo2015-226-550x826.jpg 550w, https:\/\/www.so-helo.com\/mariage\/blog\/wp-content\/uploads\/2014\/12\/sog-helo2015-226-800x1202.jpg 800w, https:\/\/www.so-helo.com\/mariage\/blog\/wp-content\/uploads\/2014\/12\/sog-helo2015-226-119x180.jpg 119w, https:\/\/www.so-helo.com\/mariage\/blog\/wp-content\/uploads\/2014\/12\/sog-helo2015-226-332x500.jpg 332w\" sizes=\"(max-width: 199px) 100vw, 199px\" \/><\/a>\n\t\t\t\t<\/div>\n\t\t\t\t\t<div class='wp-caption-text gallery-caption'>\n\t\t\t\t\t\t<p>\n\t\t\t\t\t\tSo H\u00e9lo &#8211; photographie C\u00e9cile Creiche\n\t\t\t\t\t\t<\/p>\n\t\t\t\t\t<\/div><\/div><div class='gallery-item gallery-item-position-19 gallery-item-attachment-3895'>\n\t\t\t\t<div class='gallery-icon portrait'>\n\t\t\t\t\t<a href='https:\/\/www.so-helo.com\/mariage\/blog\/2014\/12\/bijoux-et-accessoires-de-mariee-so-helo-collection-2015\/cestine-couronne-fleurs-branchages-feuilles-metal\/' title='cestine-couronne-fleurs-branchages-feuilles-m\u00e9tal' target='_self'><img loading=\"lazy\" decoding=\"async\" width=\"199\" height=\"300\" src=\"https:\/\/www.so-helo.com\/mariage\/blog\/wp-content\/uploads\/2014\/12\/cestine-couronne-fleurs-branchages-feuilles-m\u00e9tal-199x300.jpg\" class=\"attachment-medium size-medium\" alt=\"\" srcset=\"https:\/\/www.so-helo.com\/mariage\/blog\/wp-content\/uploads\/2014\/12\/cestine-couronne-fleurs-branchages-feuilles-m\u00e9tal-199x300.jpg 199w, https:\/\/www.so-helo.com\/mariage\/blog\/wp-content\/uploads\/2014\/12\/cestine-couronne-fleurs-branchages-feuilles-m\u00e9tal-680x1024.jpg 680w, https:\/\/www.so-helo.com\/mariage\/blog\/wp-content\/uploads\/2014\/12\/cestine-couronne-fleurs-branchages-feuilles-m\u00e9tal-250x375.jpg 250w, https:\/\/www.so-helo.com\/mariage\/blog\/wp-content\/uploads\/2014\/12\/cestine-couronne-fleurs-branchages-feuilles-m\u00e9tal-550x827.jpg 550w, https:\/\/www.so-helo.com\/mariage\/blog\/wp-content\/uploads\/2014\/12\/cestine-couronne-fleurs-branchages-feuilles-m\u00e9tal-800x1202.jpg 800w, https:\/\/www.so-helo.com\/mariage\/blog\/wp-content\/uploads\/2014\/12\/cestine-couronne-fleurs-branchages-feuilles-m\u00e9tal-119x180.jpg 119w, https:\/\/www.so-helo.com\/mariage\/blog\/wp-content\/uploads\/2014\/12\/cestine-couronne-fleurs-branchages-feuilles-m\u00e9tal-332x500.jpg 332w, https:\/\/www.so-helo.com\/mariage\/blog\/wp-content\/uploads\/2014\/12\/cestine-couronne-fleurs-branchages-feuilles-m\u00e9tal.jpg 941w\" sizes=\"(max-width: 199px) 100vw, 199px\" \/><\/a>\n\t\t\t\t<\/div>\n\t\t\t\t\t<div class='wp-caption-text gallery-caption'>\n\t\t\t\t\t\t<p>\n\t\t\t\t\t\tSo H\u00e9lo &#8211; photographie C\u00e9cile Creiche\n\t\t\t\t\t\t<\/p>\n\t\t\t\t\t<\/div><\/div><div class='gallery-item gallery-item-position-20 gallery-item-attachment-3896'>\n\t\t\t\t<div class='gallery-icon portrait'>\n\t\t\t\t\t<a href='https:\/\/www.so-helo.com\/mariage\/blog\/2014\/12\/bijoux-et-accessoires-de-mariee-so-helo-collection-2015\/constance-couronne-de-mariee-fleurs-et-cristaux\/' title='constance-couronne-de-mari\u00e9e-fleurs-et-cristaux' target='_self'><img loading=\"lazy\" decoding=\"async\" width=\"215\" height=\"300\" src=\"https:\/\/www.so-helo.com\/mariage\/blog\/wp-content\/uploads\/2014\/12\/constance-couronne-de-mari\u00e9e-fleurs-et-cristaux-215x300.jpg\" class=\"attachment-medium size-medium\" alt=\"\" srcset=\"https:\/\/www.so-helo.com\/mariage\/blog\/wp-content\/uploads\/2014\/12\/constance-couronne-de-mari\u00e9e-fleurs-et-cristaux-215x300.jpg 215w, https:\/\/www.so-helo.com\/mariage\/blog\/wp-content\/uploads\/2014\/12\/constance-couronne-de-mari\u00e9e-fleurs-et-cristaux-737x1024.jpg 737w, https:\/\/www.so-helo.com\/mariage\/blog\/wp-content\/uploads\/2014\/12\/constance-couronne-de-mari\u00e9e-fleurs-et-cristaux-800x1111.jpg 800w, https:\/\/www.so-helo.com\/mariage\/blog\/wp-content\/uploads\/2014\/12\/constance-couronne-de-mari\u00e9e-fleurs-et-cristaux-129x180.jpg 129w, https:\/\/www.so-helo.com\/mariage\/blog\/wp-content\/uploads\/2014\/12\/constance-couronne-de-mari\u00e9e-fleurs-et-cristaux-359x500.jpg 359w, https:\/\/www.so-helo.com\/mariage\/blog\/wp-content\/uploads\/2014\/12\/constance-couronne-de-mari\u00e9e-fleurs-et-cristaux.jpg 1013w\" sizes=\"(max-width: 215px) 100vw, 215px\" \/><\/a>\n\t\t\t\t<\/div>\n\t\t\t\t\t<div class='wp-caption-text gallery-caption'>\n\t\t\t\t\t\t<p>\n\t\t\t\t\t\tSo H\u00e9lo &#8211; photographie C\u00e9cile Creiche\n\t\t\t\t\t\t<\/p>\n\t\t\t\t\t<\/div><\/div><div class='gallery-item gallery-item-position-21 gallery-item-attachment-3927'>\n\t\t\t\t<div class='gallery-icon portrait'>\n\t\t\t\t\t<a href='https:\/\/www.so-helo.com\/mariage\/blog\/2014\/12\/bijoux-et-accessoires-de-mariee-so-helo-collection-2015\/garance-bijou-mariage-bracelet-fin-chic-serti-et-perle\/' title='garance-bijou-mariage-bracelet-fin-chic-serti-et-perle' target='_self'><img loading=\"lazy\" decoding=\"async\" width=\"216\" height=\"300\" src=\"https:\/\/www.so-helo.com\/mariage\/blog\/wp-content\/uploads\/2014\/12\/garance-bijou-mariage-bracelet-fin-chic-serti-et-perle-216x300.jpg\" class=\"attachment-medium size-medium\" alt=\"\" srcset=\"https:\/\/www.so-helo.com\/mariage\/blog\/wp-content\/uploads\/2014\/12\/garance-bijou-mariage-bracelet-fin-chic-serti-et-perle-216x300.jpg 216w, https:\/\/www.so-helo.com\/mariage\/blog\/wp-content\/uploads\/2014\/12\/garance-bijou-mariage-bracelet-fin-chic-serti-et-perle-737x1024.jpg 737w, https:\/\/www.so-helo.com\/mariage\/blog\/wp-content\/uploads\/2014\/12\/garance-bijou-mariage-bracelet-fin-chic-serti-et-perle-250x347.jpg 250w, https:\/\/www.so-helo.com\/mariage\/blog\/wp-content\/uploads\/2014\/12\/garance-bijou-mariage-bracelet-fin-chic-serti-et-perle-550x763.jpg 550w, https:\/\/www.so-helo.com\/mariage\/blog\/wp-content\/uploads\/2014\/12\/garance-bijou-mariage-bracelet-fin-chic-serti-et-perle-800x1111.jpg 800w, https:\/\/www.so-helo.com\/mariage\/blog\/wp-content\/uploads\/2014\/12\/garance-bijou-mariage-bracelet-fin-chic-serti-et-perle-129x180.jpg 129w, https:\/\/www.so-helo.com\/mariage\/blog\/wp-content\/uploads\/2014\/12\/garance-bijou-mariage-bracelet-fin-chic-serti-et-perle-360x500.jpg 360w, https:\/\/www.so-helo.com\/mariage\/blog\/wp-content\/uploads\/2014\/12\/garance-bijou-mariage-bracelet-fin-chic-serti-et-perle.jpg 918w\" sizes=\"(max-width: 216px) 100vw, 216px\" \/><\/a>\n\t\t\t\t<\/div>\n\t\t\t\t\t<div class='wp-caption-text gallery-caption'>\n\t\t\t\t\t\t<p>\n\t\t\t\t\t\tSo H\u00e9lo &#8211; photographie C\u00e9cile Creiche\n\t\t\t\t\t\t<\/p>\n\t\t\t\t\t<\/div><\/div><\/div>\n<\/div>\n<p>R\u00c9SULTAT DU CONCOURS \u00ab\u00a03000 fans Facebook\u00a0\u00bb:<br \/>\nLa petite main innocente de 6 ans pr\u00e9nomm\u00e9e Louna a tir\u00e9 au sort 3 petits papiers avec les noms des 32 participantes au concours !<br \/>\nLa gagnante du bracelet Emma a comment\u00e9\u00a0sous le pseudo\u00a0: \u00a0Berger<br \/>\nLa gagnante du collier Charlotte a comment\u00e9\u00a0sous le pseudo: Virginie<br \/>\net la gagnante des boucles d&rsquo;oreilles a comment\u00e9\u00a0sous le pseudo: Meroute<\/p>\n<p>F\u00e9licitations \u00e0 toutes les 3 \u00a0et merci \u00e0 tous pour vos participations !!!<\/p>\n","protected":false},"excerpt":{"rendered":"<p>Depuis maintenant 2\u00a0semaines, la nouvelle collection de bijoux et accessoires de mariage So H\u00e9lo est en boutique! C&rsquo;est avec une immense joie que je voulais partager avec vous les superbes photos de C\u00e9cile Creiche. L&rsquo;ann\u00e9e 2015 rime pour moi avec f\u00e9minit\u00e9, po\u00e9sie et naturel. Les dos se d\u00e9couvrant subtilement dans de nombreuses collections de robes&hellip;<\/p>\n","protected":false},"author":1,"featured_media":0,"comment_status":"open","ping_status":"open","sticky":false,"template":"","format":"standard","meta":{"footnotes":""},"categories":[414,9,1],"tags":[250,91,368,260,30,17,188,20,363,360,343,167,277],"_links":{"self":[{"href":"https:\/\/www.so-helo.com\/mariage\/blog\/wp-json\/wp\/v2\/posts\/3887"}],"collection":[{"href":"https:\/\/www.so-helo.com\/mariage\/blog\/wp-json\/wp\/v2\/posts"}],"about":[{"href":"https:\/\/www.so-helo.com\/mariage\/blog\/wp-json\/wp\/v2\/types\/post"}],"author":[{"embeddable":true,"href":"https:\/\/www.so-helo.com\/mariage\/blog\/wp-json\/wp\/v2\/users\/1"}],"replies":[{"embeddable":true,"href":"https:\/\/www.so-helo.com\/mariage\/blog\/wp-json\/wp\/v2\/comments?post=3887"}],"version-history":[{"count":13,"href":"https:\/\/www.so-helo.com\/mariage\/blog\/wp-json\/wp\/v2\/posts\/3887\/revisions"}],"predecessor-version":[{"id":3937,"href":"https:\/\/www.so-helo.com\/mariage\/blog\/wp-json\/wp\/v2\/posts\/3887\/revisions\/3937"}],"wp:attachment":[{"href":"https:\/\/www.so-helo.com\/mariage\/blog\/wp-json\/wp\/v2\/media?parent=3887"}],"wp:term":[{"taxonomy":"category","embeddable":true,"href":"https:\/\/www.so-helo.com\/mariage\/blog\/wp-json\/wp\/v2\/categories?post=3887"},{"taxonomy":"post_tag","embeddable":true,"href":"https:\/\/www.so-helo.com\/mariage\/blog\/wp-json\/wp\/v2\/tags?post=3887"}],"curies":[{"name":"wp","href":"https:\/\/api.w.org\/{rel}","templated":true}]}}