{"id":3939,"date":"2015-01-08T13:23:57","date_gmt":"2015-01-08T13:23:57","guid":{"rendered":"http:\/\/www.so-helo.com\/mariage\/blog\/?p=3939"},"modified":"2015-01-08T13:27:29","modified_gmt":"2015-01-08T13:27:29","slug":"anniversaire-de-mariage-petit-budget-save-the-date","status":"publish","type":"post","link":"https:\/\/www.so-helo.com\/mariage\/blog\/2015\/01\/anniversaire-de-mariage-petit-budget-save-the-date\/","title":{"rendered":"Un peu de douceur dans ce monde de brutes &#8230;."},"content":{"rendered":"<p>Depuis hier, l&rsquo;actualit\u00e9 lourde \u00a0nous met tous dans une tristesse profonde et pesante. En ce jour de deuil national, il est dur de se mettre au travail\u00a0qui plus est\u00a0avec sous mes fen\u00eatres, Place de la R\u00e9publique \u00e0 Paris,\u00a0les t\u00e9moignages de cette trag\u00e9die &#8230;\u00a0J&rsquo;avais donc envie de partager avec vous un peu d&rsquo;amour. Cela me r\u00e9chauffe un peu le coeur et me fera je pense le plus grand bien.<\/p>\n<p>Cet amour dure depuis plusieurs ann\u00e9es, 12 exactement. Il d\u00e9buta \u00e0 Mont-de-Marsan un 1er Janvier par un baiser \u00e9chang\u00e9 lors du passage \u00e0 la nouvelle ann\u00e9e. De celui-ci naquis une v\u00e9ritable passion ,\u00a0un premier magnifique b\u00e9b\u00e9 \u00a0quelques mois plus tard\u00a0et un beau mariage le 20 Ao\u00fbt 2005.<\/p>\n<p>Comme dans tous les couples, notre histoire\u00a0a connu des hauts et quelques bas (nous ne vivons pas dans un monde de bisounours et encore moins ces derniers jours&#8230;) . Ensemble et avec amour, nous nous sommes toujours relev\u00e9s face aux \u00e9preuves. Nous avons construit une belle famille et avons v\u00e9cu de jolies aventures avec une interlude inoubliable aux Pays-Bas.<\/p>\n<p>Des moments forts sont encr\u00e9s dans notre m\u00e9moire\u00a0dont le\u00a0dernier en date est \u00ab\u00a0la demande\u00a0\u00bb de mon ch\u00e9ri en ce 1er janvier 2015 date d&rsquo;anniversaire de notre 1er baiser.\u00a0Une d\u00e9claration d&rsquo;amour forte et symbolique pour me demander une nouvelle fois ma main lors de\u00a0nos 10 ans de mariage en Ao\u00fbt prochain. C&rsquo;est avec joie et \u00e9tonnement ( car oui travaillant dans le monde du mariage depuis 6 ans, j&rsquo;avais souffl\u00e9 l&rsquo;id\u00e9e il y a quelques temps\u00a0mais m&rsquo;\u00e9tait r\u00e9sign\u00e9e voyant mon ch\u00e9ri non r\u00e9ceptif sur le moment &#8230;) que j&rsquo;ai \u00ab\u00a0bu\u00a0\u00bb ses mots si doux \u00e0 mon oreille.\u00a0C&rsquo;est avec un coeur rempli d&rsquo;amour que je l&rsquo;ai \u00e9cout\u00e9 parler durant de longues minutes de c\u00e9r\u00e9monie, d&rsquo;\u00e9change de voeux devant familles et amis, de f\u00eate&#8230; Un doux r\u00eave redevenu r\u00e9alit\u00e9.<\/p>\n<p>L&rsquo;acquisition r\u00e9cente de notre nouvelle maison ne nous permettant pas de grandes folies, nous avons d\u00e9cid\u00e9 tous les deux de nous unir \u00e0 nouveaux en toute simplicit\u00e9. Nous imaginons donc une c\u00e9r\u00e9monie en petit comit\u00e9 dans notre jardin et une soir\u00e9e dans la grange familiale \u00e0 quelques minutes de l\u00e0. Une journ\u00e9e simple mais belle et \u00e0 notre image.<\/p>\n<p>C&rsquo;est avec plaisir que je partagerai avec vous ,si vous le souhaitez, les avanc\u00e9es de nos pr\u00e9paratifs dans la rubrique \u00ab\u00a0Notre jour J\u00a0\u00bb du blog&#8230;<\/p>\n<p>Cela commence avec le Save The Date, indispensable pour que les invit\u00e9s puissent s&rsquo;organiser plusieurs mois \u00e0 l&rsquo;avance &#8230;<\/p>\n<p><a href=\"https:\/\/www.so-helo.com\/mariage\/blog\/wp-content\/uploads\/2015\/01\/Save-the-date-H-et-S-.jpg\"><img loading=\"lazy\" decoding=\"async\" class=\"alignnone size-large wp-image-3940\" src=\"https:\/\/www.so-helo.com\/mariage\/blog\/wp-content\/uploads\/2015\/01\/Save-the-date-H-et-S--1024x681.jpg\" alt=\"Save the date H\u00e9lo\u00efse et S\u00e9bastien- Photographie C\u00e9cile Creiche\" width=\"1024\" height=\"681\" srcset=\"https:\/\/www.so-helo.com\/mariage\/blog\/wp-content\/uploads\/2015\/01\/Save-the-date-H-et-S--1024x681.jpg 1024w, https:\/\/www.so-helo.com\/mariage\/blog\/wp-content\/uploads\/2015\/01\/Save-the-date-H-et-S--300x199.jpg 300w, https:\/\/www.so-helo.com\/mariage\/blog\/wp-content\/uploads\/2015\/01\/Save-the-date-H-et-S--250x166.jpg 250w, https:\/\/www.so-helo.com\/mariage\/blog\/wp-content\/uploads\/2015\/01\/Save-the-date-H-et-S--550x365.jpg 550w, https:\/\/www.so-helo.com\/mariage\/blog\/wp-content\/uploads\/2015\/01\/Save-the-date-H-et-S--800x532.jpg 800w, https:\/\/www.so-helo.com\/mariage\/blog\/wp-content\/uploads\/2015\/01\/Save-the-date-H-et-S--270x180.jpg 270w, https:\/\/www.so-helo.com\/mariage\/blog\/wp-content\/uploads\/2015\/01\/Save-the-date-H-et-S--450x300.jpg 450w, https:\/\/www.so-helo.com\/mariage\/blog\/wp-content\/uploads\/2015\/01\/Save-the-date-H-et-S--751x500.jpg 751w\" sizes=\"(max-width: 1024px) 100vw, 1024px\" \/><\/a><\/p>\n<p>C&rsquo;est avec \u00e9vidence, que nous avons choisi pour le notre cette photo prise par notre amie <a href=\"http:\/\/www.cecilecreiche.com\/\">C\u00e9cile Creiche<\/a> lors d&rsquo;<a title=\"Deux amoureux dans Paris {C\u00e9cile Creiche Photography}\" href=\"https:\/\/www.so-helo.com\/mariage\/blog\/2013\/10\/deux-amoureux-dans-paris-cecile-creiche-photography\/\">une s\u00e9ance tr\u00e8s sp\u00e9ciale pour nous<\/a>.<\/p>\n<p>Pour le r\u00e9aliser, j&rsquo;ai fait quelques recherches sur le net que je partage avec vous volontiers :<\/p>\n<p>-Je me suis inspir\u00e9e d&rsquo;un chouette DIY sur Wedding Chicks\u00a0que vous pouvez retrouver <a href=\"http:\/\/www.weddingchicks.com\/2013\/09\/24\/photo-postcard-save-the-date\/\" target=\"_blank\">ICI<\/a><\/p>\n<p>-D&rsquo;autres mod\u00e8les \u00e0 t\u00e9l\u00e9charger me faisaient \u00e9galement de l&rsquo;oeil ^^ et pourront peut \u00eatre vous int\u00e9resser si vous \u00eates en manque d&rsquo;inspiration:<\/p>\n<p><a href=\"https:\/\/www.so-helo.com\/mariage\/blog\/wp-content\/uploads\/2015\/01\/Bells-Whistles_Save-the-date_0001-585x917.jpg\"><img loading=\"lazy\" decoding=\"async\" class=\"size-full wp-image-3943 aligncenter\" src=\"https:\/\/www.so-helo.com\/mariage\/blog\/wp-content\/uploads\/2015\/01\/Bells-Whistles_Save-the-date_0001-585x917.jpg\" alt=\"Bells-Whistles_Save-the-date_0001-585x917\" width=\"585\" height=\"917\" srcset=\"https:\/\/www.so-helo.com\/mariage\/blog\/wp-content\/uploads\/2015\/01\/Bells-Whistles_Save-the-date_0001-585x917.jpg 585w, https:\/\/www.so-helo.com\/mariage\/blog\/wp-content\/uploads\/2015\/01\/Bells-Whistles_Save-the-date_0001-585x917-191x300.jpg 191w, https:\/\/www.so-helo.com\/mariage\/blog\/wp-content\/uploads\/2015\/01\/Bells-Whistles_Save-the-date_0001-585x917-250x391.jpg 250w, https:\/\/www.so-helo.com\/mariage\/blog\/wp-content\/uploads\/2015\/01\/Bells-Whistles_Save-the-date_0001-585x917-550x862.jpg 550w, https:\/\/www.so-helo.com\/mariage\/blog\/wp-content\/uploads\/2015\/01\/Bells-Whistles_Save-the-date_0001-585x917-114x180.jpg 114w\" sizes=\"(max-width: 585px) 100vw, 585px\" \/><\/a><\/p>\n<p style=\"text-align: center;\"><a href=\"http:\/\/www.theprettyblog.com\/wedding\/save-the-date-printable\/\" target=\"_blank\">A retrouver ici sur The pretty Blog<\/a><\/p>\n<p style=\"text-align: left;\"><a href=\"https:\/\/www.so-helo.com\/mariage\/blog\/wp-content\/uploads\/2015\/01\/chalkboard-savethedate.png\"><img loading=\"lazy\" decoding=\"async\" class=\"size-full wp-image-3944 aligncenter\" src=\"https:\/\/www.so-helo.com\/mariage\/blog\/wp-content\/uploads\/2015\/01\/chalkboard-savethedate.png\" alt=\"chalkboard-savethedate\" width=\"500\" height=\"700\" srcset=\"https:\/\/www.so-helo.com\/mariage\/blog\/wp-content\/uploads\/2015\/01\/chalkboard-savethedate.png 500w, https:\/\/www.so-helo.com\/mariage\/blog\/wp-content\/uploads\/2015\/01\/chalkboard-savethedate-214x300.png 214w, https:\/\/www.so-helo.com\/mariage\/blog\/wp-content\/uploads\/2015\/01\/chalkboard-savethedate-250x350.png 250w, https:\/\/www.so-helo.com\/mariage\/blog\/wp-content\/uploads\/2015\/01\/chalkboard-savethedate-128x180.png 128w, https:\/\/www.so-helo.com\/mariage\/blog\/wp-content\/uploads\/2015\/01\/chalkboard-savethedate-357x500.png 357w\" sizes=\"(max-width: 500px) 100vw, 500px\" \/><\/a><\/p>\n<p style=\"text-align: center;\"><a href=\"http:\/\/printableinvitationkits.com\/stylish-chalkboard-save-the-date\/\" target=\"_blank\">A t\u00e9l\u00e9charger gratuitement sur Printable Invitation Kits<\/a><\/p>\n<p style=\"text-align: left;\"><img loading=\"lazy\" decoding=\"async\" class=\"size-full wp-image-3945 alignleft\" src=\"https:\/\/www.so-helo.com\/mariage\/blog\/wp-content\/uploads\/2015\/01\/Id\u00e9es-Save-the-Date-\u00e0-t\u00e9l\u00e9charger.png\" alt=\"Id\u00e9es Save the Date \u00e0 t\u00e9l\u00e9charger\" width=\"870\" height=\"525\" srcset=\"https:\/\/www.so-helo.com\/mariage\/blog\/wp-content\/uploads\/2015\/01\/Id\u00e9es-Save-the-Date-\u00e0-t\u00e9l\u00e9charger.png 870w, https:\/\/www.so-helo.com\/mariage\/blog\/wp-content\/uploads\/2015\/01\/Id\u00e9es-Save-the-Date-\u00e0-t\u00e9l\u00e9charger-300x181.png 300w, https:\/\/www.so-helo.com\/mariage\/blog\/wp-content\/uploads\/2015\/01\/Id\u00e9es-Save-the-Date-\u00e0-t\u00e9l\u00e9charger-250x150.png 250w, https:\/\/www.so-helo.com\/mariage\/blog\/wp-content\/uploads\/2015\/01\/Id\u00e9es-Save-the-Date-\u00e0-t\u00e9l\u00e9charger-550x331.png 550w, https:\/\/www.so-helo.com\/mariage\/blog\/wp-content\/uploads\/2015\/01\/Id\u00e9es-Save-the-Date-\u00e0-t\u00e9l\u00e9charger-800x482.png 800w, https:\/\/www.so-helo.com\/mariage\/blog\/wp-content\/uploads\/2015\/01\/Id\u00e9es-Save-the-Date-\u00e0-t\u00e9l\u00e9charger-298x180.png 298w, https:\/\/www.so-helo.com\/mariage\/blog\/wp-content\/uploads\/2015\/01\/Id\u00e9es-Save-the-Date-\u00e0-t\u00e9l\u00e9charger-497x300.png 497w, https:\/\/www.so-helo.com\/mariage\/blog\/wp-content\/uploads\/2015\/01\/Id\u00e9es-Save-the-Date-\u00e0-t\u00e9l\u00e9charger-828x500.png 828w\" sizes=\"(max-width: 870px) 100vw, 870px\" \/><\/p>\n<p style=\"text-align: center;\">Et bien d&rsquo;autres encore \u00e0 personnaliser et <a href=\"http:\/\/www.weddingchicks.com\/freebies\/save-the-dates\/\" target=\"_blank\">t\u00e9l\u00e9charger sur\u00a0Wedding Chicks<\/a><\/p>\n","protected":false},"excerpt":{"rendered":"<p>Depuis hier, l&rsquo;actualit\u00e9 lourde \u00a0nous met tous dans une tristesse profonde et pesante. En ce jour de deuil national, il est dur de se mettre au travail\u00a0qui plus est\u00a0avec sous mes fen\u00eatres, Place de la R\u00e9publique \u00e0 Paris,\u00a0les t\u00e9moignages de cette trag\u00e9die &#8230;\u00a0J&rsquo;avais donc envie de partager avec vous un peu d&rsquo;amour. Cela me r\u00e9chauffe&hellip;<\/p>\n","protected":false},"author":1,"featured_media":0,"comment_status":"open","ping_status":"open","sticky":false,"template":"","format":"standard","meta":{"footnotes":""},"categories":[9,421],"tags":[425,426,423,422,188,200,424,427,237],"_links":{"self":[{"href":"https:\/\/www.so-helo.com\/mariage\/blog\/wp-json\/wp\/v2\/posts\/3939"}],"collection":[{"href":"https:\/\/www.so-helo.com\/mariage\/blog\/wp-json\/wp\/v2\/posts"}],"about":[{"href":"https:\/\/www.so-helo.com\/mariage\/blog\/wp-json\/wp\/v2\/types\/post"}],"author":[{"embeddable":true,"href":"https:\/\/www.so-helo.com\/mariage\/blog\/wp-json\/wp\/v2\/users\/1"}],"replies":[{"embeddable":true,"href":"https:\/\/www.so-helo.com\/mariage\/blog\/wp-json\/wp\/v2\/comments?post=3939"}],"version-history":[{"count":9,"href":"https:\/\/www.so-helo.com\/mariage\/blog\/wp-json\/wp\/v2\/posts\/3939\/revisions"}],"predecessor-version":[{"id":3953,"href":"https:\/\/www.so-helo.com\/mariage\/blog\/wp-json\/wp\/v2\/posts\/3939\/revisions\/3953"}],"wp:attachment":[{"href":"https:\/\/www.so-helo.com\/mariage\/blog\/wp-json\/wp\/v2\/media?parent=3939"}],"wp:term":[{"taxonomy":"category","embeddable":true,"href":"https:\/\/www.so-helo.com\/mariage\/blog\/wp-json\/wp\/v2\/categories?post=3939"},{"taxonomy":"post_tag","embeddable":true,"href":"https:\/\/www.so-helo.com\/mariage\/blog\/wp-json\/wp\/v2\/tags?post=3939"}],"curies":[{"name":"wp","href":"https:\/\/api.w.org\/{rel}","templated":true}]}}