{"id":4156,"date":"2015-10-11T15:35:18","date_gmt":"2015-10-11T15:35:18","guid":{"rendered":"http:\/\/www.so-helo.com\/mariage\/blog\/?p=4156"},"modified":"2015-10-11T15:37:30","modified_gmt":"2015-10-11T15:37:30","slug":"axelle-b-inspiration-2015-ethnicsculture","status":"publish","type":"post","link":"https:\/\/www.so-helo.com\/mariage\/blog\/2015\/10\/axelle-b-inspiration-2015-ethnicsculture\/","title":{"rendered":"Axelle B &#8211; inspiration 2015 &#8211; Ethnic[S]culture"},"content":{"rendered":"<p>Je ne vous pr\u00e9sente plus Alice, coiffeuse d&rsquo;exception sous le nom d&rsquo;<a href=\"http:\/\/www.axelle-b.com\/\" target=\"_blank\">Axelle B<\/a>. qui est la f\u00e9e coiffure de tous mes shootings ^^. Je vous en ai d\u00e9j\u00e0 parl\u00e9 <a title=\"Coiffures de mari\u00e9e d\u2019exception par Axelle B. weddinghairdresser\" href=\"https:\/\/www.so-helo.com\/mariage\/blog\/2013\/12\/coiffures-de-mariee-dexception-par-axelle-b-weddinghairdresser\/\">ICI<\/a> ou <a title=\"Une bulle de calme et de douceur: le coiffeur priv\u00e9 par Axelle B.\" href=\"https:\/\/www.so-helo.com\/mariage\/blog\/2015\/03\/une-bulle-de-calme-et-de-douceur-le-coiffeur-prive-par-axelle-b\/\">L\u00c0<\/a> voir encore\u00a0<a title=\"Une coiffeuse pour votre mariage, Axelle B.\" href=\"https:\/\/www.so-helo.com\/mariage\/blog\/2013\/10\/une-coiffeuse-pour-votre-mariage-axelle-b\/\">ICI<\/a>!<\/p>\n<p>Cette ann\u00e9e, Alice, m&rsquo;a permise de participer \u00e0 sa nouvelle collection \u00ab\u00a0Haute coiffure \u00a0\u00bb 2015 \u00e0 travers une s\u00e9rie de bijoux et accessoires uniques cr\u00e9\u00e9s sp\u00e9cialement pour elle. \u00a0Un th\u00e8me tr\u00e8s ethnique dont elle nous fait une petite pr\u00e9sentation:<\/p>\n<p><strong><em>\u00ab\u00a0Mes inspirations cette saison \u00e9taient r\u00e9solument ethniques, avec une pr\u00e9f\u00e9rence pour la Gr\u00e8ce et l\u2019Am\u00e9rique du Sud, mes coiffures se sont par\u00e9es de tresses, de volumes imposants, de plumes\u2026 de beaucoup de plumes\u2026 J\u2019aime les bijoux de cheveux, les couronnes, les broches et les chaines de t\u00eate \u2026 J\u2019ai voulu cr\u00e9er des reines, ou bien des d\u00e9esses, v\u00eatues\u00a0de milles bijoux. Mettre en valeur une f\u00e9minit\u00e9 que l\u2019on a tendance \u00e0 oublier, du temps et des civilisations ou les femmes se paraient d\u2019ors et de pierres pr\u00e9cieuses \u2026<\/em><\/strong><br \/>\n<strong><em> J\u2019ai voulu opposer les couleurs chaudes des bijoux \u00a0aux tons froids des ambiances, j\u2019ai voulu cr\u00e9er des coiffures d\u2019inspirations anciennes et pourtant r\u00e9solument modernes.<\/em><\/strong><br \/>\n<strong><em> De ces oppositions, de ces contradictions, est n\u00e9e Ethnic[S]Culture\u00a9 , ma collection 2015 . \u00ab\u00a0<\/em><\/strong><\/p>\n<p>Voici ses inspirations en images \u00e0 travers les belles photos\u00a0de <a href=\"http:\/\/www.thibaultchappe.fr\/\" target=\"_blank\">Thibault Chappe<\/a>.<\/p>\n<p><a href=\"https:\/\/www.so-helo.com\/mariage\/blog\/wp-content\/uploads\/2015\/03\/Axelle-B.-collection-haute-coiffure-2015-toque-esprit-indienne-en-plumes.jpg\"><img loading=\"lazy\" decoding=\"async\" class=\"size-large wp-image-4165 aligncenter\" src=\"https:\/\/www.so-helo.com\/mariage\/blog\/wp-content\/uploads\/2015\/03\/Axelle-B.-collection-haute-coiffure-2015-toque-esprit-indienne-en-plumes-683x1024.jpg\" alt=\"Axelle B. collection haute coiffure 2015 toque esprit indienne en plumes\" width=\"683\" height=\"1024\" srcset=\"https:\/\/www.so-helo.com\/mariage\/blog\/wp-content\/uploads\/2015\/03\/Axelle-B.-collection-haute-coiffure-2015-toque-esprit-indienne-en-plumes-683x1024.jpg 683w, https:\/\/www.so-helo.com\/mariage\/blog\/wp-content\/uploads\/2015\/03\/Axelle-B.-collection-haute-coiffure-2015-toque-esprit-indienne-en-plumes-200x300.jpg 200w, https:\/\/www.so-helo.com\/mariage\/blog\/wp-content\/uploads\/2015\/03\/Axelle-B.-collection-haute-coiffure-2015-toque-esprit-indienne-en-plumes-250x374.jpg 250w, https:\/\/www.so-helo.com\/mariage\/blog\/wp-content\/uploads\/2015\/03\/Axelle-B.-collection-haute-coiffure-2015-toque-esprit-indienne-en-plumes-800x1198.jpg 800w, https:\/\/www.so-helo.com\/mariage\/blog\/wp-content\/uploads\/2015\/03\/Axelle-B.-collection-haute-coiffure-2015-toque-esprit-indienne-en-plumes-120x180.jpg 120w, https:\/\/www.so-helo.com\/mariage\/blog\/wp-content\/uploads\/2015\/03\/Axelle-B.-collection-haute-coiffure-2015-toque-esprit-indienne-en-plumes-333x500.jpg 333w, https:\/\/www.so-helo.com\/mariage\/blog\/wp-content\/uploads\/2015\/03\/Axelle-B.-collection-haute-coiffure-2015-toque-esprit-indienne-en-plumes.jpg 1367w\" sizes=\"(max-width: 683px) 100vw, 683px\" \/><\/a><\/p>\n<p><a href=\"https:\/\/www.so-helo.com\/mariage\/blog\/wp-content\/uploads\/2015\/03\/Axelle-B.-collection-haute-coiffure-2015-bijou-de-cheveux-en-plumes-ethniques.jpg\"><img loading=\"lazy\" decoding=\"async\" class=\"size-large wp-image-4167 aligncenter\" src=\"https:\/\/www.so-helo.com\/mariage\/blog\/wp-content\/uploads\/2015\/03\/Axelle-B.-collection-haute-coiffure-2015-bijou-de-cheveux-en-plumes-ethniques-1024x682.jpg\" alt=\"Axelle B. collection haute coiffure 2015 bijou de cheveux en plumes ethniques\" width=\"1024\" height=\"682\" srcset=\"https:\/\/www.so-helo.com\/mariage\/blog\/wp-content\/uploads\/2015\/03\/Axelle-B.-collection-haute-coiffure-2015-bijou-de-cheveux-en-plumes-ethniques-1024x682.jpg 1024w, https:\/\/www.so-helo.com\/mariage\/blog\/wp-content\/uploads\/2015\/03\/Axelle-B.-collection-haute-coiffure-2015-bijou-de-cheveux-en-plumes-ethniques-300x199.jpg 300w, https:\/\/www.so-helo.com\/mariage\/blog\/wp-content\/uploads\/2015\/03\/Axelle-B.-collection-haute-coiffure-2015-bijou-de-cheveux-en-plumes-ethniques-250x166.jpg 250w, https:\/\/www.so-helo.com\/mariage\/blog\/wp-content\/uploads\/2015\/03\/Axelle-B.-collection-haute-coiffure-2015-bijou-de-cheveux-en-plumes-ethniques-550x366.jpg 550w, https:\/\/www.so-helo.com\/mariage\/blog\/wp-content\/uploads\/2015\/03\/Axelle-B.-collection-haute-coiffure-2015-bijou-de-cheveux-en-plumes-ethniques-800x533.jpg 800w, https:\/\/www.so-helo.com\/mariage\/blog\/wp-content\/uploads\/2015\/03\/Axelle-B.-collection-haute-coiffure-2015-bijou-de-cheveux-en-plumes-ethniques-270x180.jpg 270w, https:\/\/www.so-helo.com\/mariage\/blog\/wp-content\/uploads\/2015\/03\/Axelle-B.-collection-haute-coiffure-2015-bijou-de-cheveux-en-plumes-ethniques-450x300.jpg 450w, https:\/\/www.so-helo.com\/mariage\/blog\/wp-content\/uploads\/2015\/03\/Axelle-B.-collection-haute-coiffure-2015-bijou-de-cheveux-en-plumes-ethniques-750x500.jpg 750w, https:\/\/www.so-helo.com\/mariage\/blog\/wp-content\/uploads\/2015\/03\/Axelle-B.-collection-haute-coiffure-2015-bijou-de-cheveux-en-plumes-ethniques.jpg 2048w\" sizes=\"(max-width: 1024px) 100vw, 1024px\" \/><\/a><\/p>\n<p><a href=\"https:\/\/www.so-helo.com\/mariage\/blog\/wp-content\/uploads\/2015\/03\/Axelle-B.-collection-haute-coiffure-2015-headband-sequin-esprit-indien-avec-plumes.jpg\"><img loading=\"lazy\" decoding=\"async\" class=\"size-large wp-image-4169 aligncenter\" src=\"https:\/\/www.so-helo.com\/mariage\/blog\/wp-content\/uploads\/2015\/03\/Axelle-B.-collection-haute-coiffure-2015-headband-sequin-esprit-indien-avec-plumes-1024x683.jpg\" alt=\"Axelle B. collection haute coiffure 2015 headband sequin esprit indien avec plumes\" width=\"1024\" height=\"683\" srcset=\"https:\/\/www.so-helo.com\/mariage\/blog\/wp-content\/uploads\/2015\/03\/Axelle-B.-collection-haute-coiffure-2015-headband-sequin-esprit-indien-avec-plumes-1024x683.jpg 1024w, https:\/\/www.so-helo.com\/mariage\/blog\/wp-content\/uploads\/2015\/03\/Axelle-B.-collection-haute-coiffure-2015-headband-sequin-esprit-indien-avec-plumes-300x200.jpg 300w, https:\/\/www.so-helo.com\/mariage\/blog\/wp-content\/uploads\/2015\/03\/Axelle-B.-collection-haute-coiffure-2015-headband-sequin-esprit-indien-avec-plumes-250x166.jpg 250w, https:\/\/www.so-helo.com\/mariage\/blog\/wp-content\/uploads\/2015\/03\/Axelle-B.-collection-haute-coiffure-2015-headband-sequin-esprit-indien-avec-plumes-550x367.jpg 550w, https:\/\/www.so-helo.com\/mariage\/blog\/wp-content\/uploads\/2015\/03\/Axelle-B.-collection-haute-coiffure-2015-headband-sequin-esprit-indien-avec-plumes-800x533.jpg 800w, https:\/\/www.so-helo.com\/mariage\/blog\/wp-content\/uploads\/2015\/03\/Axelle-B.-collection-haute-coiffure-2015-headband-sequin-esprit-indien-avec-plumes-269x180.jpg 269w, https:\/\/www.so-helo.com\/mariage\/blog\/wp-content\/uploads\/2015\/03\/Axelle-B.-collection-haute-coiffure-2015-headband-sequin-esprit-indien-avec-plumes-449x300.jpg 449w, https:\/\/www.so-helo.com\/mariage\/blog\/wp-content\/uploads\/2015\/03\/Axelle-B.-collection-haute-coiffure-2015-headband-sequin-esprit-indien-avec-plumes-749x500.jpg 749w, https:\/\/www.so-helo.com\/mariage\/blog\/wp-content\/uploads\/2015\/03\/Axelle-B.-collection-haute-coiffure-2015-headband-sequin-esprit-indien-avec-plumes.jpg 2048w\" sizes=\"(max-width: 1024px) 100vw, 1024px\" \/><\/a><\/p>\n<p><a href=\"https:\/\/www.so-helo.com\/mariage\/blog\/wp-content\/uploads\/2015\/03\/Axelle-B.-collection-haute-coiffure-2015-headband-sequins-nacre-et-plumes-.jpg\"><img loading=\"lazy\" decoding=\"async\" class=\"size-large wp-image-4170 aligncenter\" src=\"https:\/\/www.so-helo.com\/mariage\/blog\/wp-content\/uploads\/2015\/03\/Axelle-B.-collection-haute-coiffure-2015-headband-sequins-nacre-et-plumes--1024x683.jpg\" alt=\"Axelle B. collection haute coiffure 2015 headband sequins nacre et plumes\" width=\"1024\" height=\"683\" srcset=\"https:\/\/www.so-helo.com\/mariage\/blog\/wp-content\/uploads\/2015\/03\/Axelle-B.-collection-haute-coiffure-2015-headband-sequins-nacre-et-plumes--1024x683.jpg 1024w, https:\/\/www.so-helo.com\/mariage\/blog\/wp-content\/uploads\/2015\/03\/Axelle-B.-collection-haute-coiffure-2015-headband-sequins-nacre-et-plumes--300x200.jpg 300w, https:\/\/www.so-helo.com\/mariage\/blog\/wp-content\/uploads\/2015\/03\/Axelle-B.-collection-haute-coiffure-2015-headband-sequins-nacre-et-plumes--250x166.jpg 250w, https:\/\/www.so-helo.com\/mariage\/blog\/wp-content\/uploads\/2015\/03\/Axelle-B.-collection-haute-coiffure-2015-headband-sequins-nacre-et-plumes--550x367.jpg 550w, https:\/\/www.so-helo.com\/mariage\/blog\/wp-content\/uploads\/2015\/03\/Axelle-B.-collection-haute-coiffure-2015-headband-sequins-nacre-et-plumes--800x533.jpg 800w, https:\/\/www.so-helo.com\/mariage\/blog\/wp-content\/uploads\/2015\/03\/Axelle-B.-collection-haute-coiffure-2015-headband-sequins-nacre-et-plumes--269x180.jpg 269w, https:\/\/www.so-helo.com\/mariage\/blog\/wp-content\/uploads\/2015\/03\/Axelle-B.-collection-haute-coiffure-2015-headband-sequins-nacre-et-plumes--449x300.jpg 449w, https:\/\/www.so-helo.com\/mariage\/blog\/wp-content\/uploads\/2015\/03\/Axelle-B.-collection-haute-coiffure-2015-headband-sequins-nacre-et-plumes--749x500.jpg 749w, https:\/\/www.so-helo.com\/mariage\/blog\/wp-content\/uploads\/2015\/03\/Axelle-B.-collection-haute-coiffure-2015-headband-sequins-nacre-et-plumes-.jpg 2048w\" sizes=\"(max-width: 1024px) 100vw, 1024px\" \/><\/a><\/p>\n<p><a href=\"https:\/\/www.so-helo.com\/mariage\/blog\/wp-content\/uploads\/2015\/03\/Axelle-B.-collection-haute-coiffure-2015-serre-t\u00eate-plumes-et-cristaux-avec-collier-de-dos.jpg\"><img loading=\"lazy\" decoding=\"async\" class=\"size-large wp-image-4173 aligncenter\" src=\"https:\/\/www.so-helo.com\/mariage\/blog\/wp-content\/uploads\/2015\/03\/Axelle-B.-collection-haute-coiffure-2015-serre-t\u00eate-plumes-et-cristaux-avec-collier-de-dos-683x1024.jpg\" alt=\"Axelle B. collection haute coiffure 2015 serre t\u00eate plumes et cristaux avec collier de dos\" width=\"683\" height=\"1024\" srcset=\"https:\/\/www.so-helo.com\/mariage\/blog\/wp-content\/uploads\/2015\/03\/Axelle-B.-collection-haute-coiffure-2015-serre-t\u00eate-plumes-et-cristaux-avec-collier-de-dos-683x1024.jpg 683w, https:\/\/www.so-helo.com\/mariage\/blog\/wp-content\/uploads\/2015\/03\/Axelle-B.-collection-haute-coiffure-2015-serre-t\u00eate-plumes-et-cristaux-avec-collier-de-dos-200x300.jpg 200w, https:\/\/www.so-helo.com\/mariage\/blog\/wp-content\/uploads\/2015\/03\/Axelle-B.-collection-haute-coiffure-2015-serre-t\u00eate-plumes-et-cristaux-avec-collier-de-dos-250x374.jpg 250w, https:\/\/www.so-helo.com\/mariage\/blog\/wp-content\/uploads\/2015\/03\/Axelle-B.-collection-haute-coiffure-2015-serre-t\u00eate-plumes-et-cristaux-avec-collier-de-dos-800x1198.jpg 800w, https:\/\/www.so-helo.com\/mariage\/blog\/wp-content\/uploads\/2015\/03\/Axelle-B.-collection-haute-coiffure-2015-serre-t\u00eate-plumes-et-cristaux-avec-collier-de-dos-120x180.jpg 120w, https:\/\/www.so-helo.com\/mariage\/blog\/wp-content\/uploads\/2015\/03\/Axelle-B.-collection-haute-coiffure-2015-serre-t\u00eate-plumes-et-cristaux-avec-collier-de-dos-333x500.jpg 333w, https:\/\/www.so-helo.com\/mariage\/blog\/wp-content\/uploads\/2015\/03\/Axelle-B.-collection-haute-coiffure-2015-serre-t\u00eate-plumes-et-cristaux-avec-collier-de-dos.jpg 1367w\" sizes=\"(max-width: 683px) 100vw, 683px\" \/><\/a><\/p>\n<p><a href=\"https:\/\/www.so-helo.com\/mariage\/blog\/wp-content\/uploads\/2015\/03\/Axelle-B.-collection-haute-coiffure-2015-collier-de-dos-en-cristal.jpg\"><img loading=\"lazy\" decoding=\"async\" class=\"size-large wp-image-4168 aligncenter\" src=\"https:\/\/www.so-helo.com\/mariage\/blog\/wp-content\/uploads\/2015\/03\/Axelle-B.-collection-haute-coiffure-2015-collier-de-dos-en-cristal-1024x683.jpg\" alt=\"Axelle B. collection haute coiffure 2015 collier de dos en cristal\" width=\"1024\" height=\"683\" srcset=\"https:\/\/www.so-helo.com\/mariage\/blog\/wp-content\/uploads\/2015\/03\/Axelle-B.-collection-haute-coiffure-2015-collier-de-dos-en-cristal-1024x683.jpg 1024w, https:\/\/www.so-helo.com\/mariage\/blog\/wp-content\/uploads\/2015\/03\/Axelle-B.-collection-haute-coiffure-2015-collier-de-dos-en-cristal-300x200.jpg 300w, https:\/\/www.so-helo.com\/mariage\/blog\/wp-content\/uploads\/2015\/03\/Axelle-B.-collection-haute-coiffure-2015-collier-de-dos-en-cristal-250x166.jpg 250w, https:\/\/www.so-helo.com\/mariage\/blog\/wp-content\/uploads\/2015\/03\/Axelle-B.-collection-haute-coiffure-2015-collier-de-dos-en-cristal-550x367.jpg 550w, https:\/\/www.so-helo.com\/mariage\/blog\/wp-content\/uploads\/2015\/03\/Axelle-B.-collection-haute-coiffure-2015-collier-de-dos-en-cristal-800x533.jpg 800w, https:\/\/www.so-helo.com\/mariage\/blog\/wp-content\/uploads\/2015\/03\/Axelle-B.-collection-haute-coiffure-2015-collier-de-dos-en-cristal-269x180.jpg 269w, https:\/\/www.so-helo.com\/mariage\/blog\/wp-content\/uploads\/2015\/03\/Axelle-B.-collection-haute-coiffure-2015-collier-de-dos-en-cristal-449x300.jpg 449w, https:\/\/www.so-helo.com\/mariage\/blog\/wp-content\/uploads\/2015\/03\/Axelle-B.-collection-haute-coiffure-2015-collier-de-dos-en-cristal-749x500.jpg 749w, https:\/\/www.so-helo.com\/mariage\/blog\/wp-content\/uploads\/2015\/03\/Axelle-B.-collection-haute-coiffure-2015-collier-de-dos-en-cristal.jpg 2048w\" sizes=\"(max-width: 1024px) 100vw, 1024px\" \/><\/a><\/p>\n<p><a href=\"https:\/\/www.so-helo.com\/mariage\/blog\/wp-content\/uploads\/2015\/03\/Axelle-B.-collection-haute-coiffure-2015-serre-t\u00eate-plumes-et-feuilles-en-cristal.jpg\"><img loading=\"lazy\" decoding=\"async\" class=\"size-large wp-image-4174 aligncenter\" src=\"https:\/\/www.so-helo.com\/mariage\/blog\/wp-content\/uploads\/2015\/03\/Axelle-B.-collection-haute-coiffure-2015-serre-t\u00eate-plumes-et-feuilles-en-cristal-683x1024.jpg\" alt=\"Axelle B. collection haute coiffure 2015 serre t\u00eate plumes et feuilles en cristal\" width=\"683\" height=\"1024\" srcset=\"https:\/\/www.so-helo.com\/mariage\/blog\/wp-content\/uploads\/2015\/03\/Axelle-B.-collection-haute-coiffure-2015-serre-t\u00eate-plumes-et-feuilles-en-cristal-683x1024.jpg 683w, https:\/\/www.so-helo.com\/mariage\/blog\/wp-content\/uploads\/2015\/03\/Axelle-B.-collection-haute-coiffure-2015-serre-t\u00eate-plumes-et-feuilles-en-cristal-200x300.jpg 200w, https:\/\/www.so-helo.com\/mariage\/blog\/wp-content\/uploads\/2015\/03\/Axelle-B.-collection-haute-coiffure-2015-serre-t\u00eate-plumes-et-feuilles-en-cristal-250x374.jpg 250w, https:\/\/www.so-helo.com\/mariage\/blog\/wp-content\/uploads\/2015\/03\/Axelle-B.-collection-haute-coiffure-2015-serre-t\u00eate-plumes-et-feuilles-en-cristal-800x1198.jpg 800w, https:\/\/www.so-helo.com\/mariage\/blog\/wp-content\/uploads\/2015\/03\/Axelle-B.-collection-haute-coiffure-2015-serre-t\u00eate-plumes-et-feuilles-en-cristal-120x180.jpg 120w, https:\/\/www.so-helo.com\/mariage\/blog\/wp-content\/uploads\/2015\/03\/Axelle-B.-collection-haute-coiffure-2015-serre-t\u00eate-plumes-et-feuilles-en-cristal-333x500.jpg 333w, https:\/\/www.so-helo.com\/mariage\/blog\/wp-content\/uploads\/2015\/03\/Axelle-B.-collection-haute-coiffure-2015-serre-t\u00eate-plumes-et-feuilles-en-cristal.jpg 1367w\" sizes=\"(max-width: 683px) 100vw, 683px\" \/><\/a><\/p>\n<p><a href=\"https:\/\/www.so-helo.com\/mariage\/blog\/wp-content\/uploads\/2015\/03\/Axelle-B.-collection-haute-coiffure-2015-ornement-plumes-esprit-ethnique.jpg\"><img loading=\"lazy\" decoding=\"async\" class=\"size-large wp-image-4171 aligncenter\" src=\"https:\/\/www.so-helo.com\/mariage\/blog\/wp-content\/uploads\/2015\/03\/Axelle-B.-collection-haute-coiffure-2015-ornement-plumes-esprit-ethnique-683x1024.jpg\" alt=\"Axelle B. collection haute coiffure 2015 ornement plumes esprit ethnique\" width=\"683\" height=\"1024\" srcset=\"https:\/\/www.so-helo.com\/mariage\/blog\/wp-content\/uploads\/2015\/03\/Axelle-B.-collection-haute-coiffure-2015-ornement-plumes-esprit-ethnique-683x1024.jpg 683w, https:\/\/www.so-helo.com\/mariage\/blog\/wp-content\/uploads\/2015\/03\/Axelle-B.-collection-haute-coiffure-2015-ornement-plumes-esprit-ethnique-200x300.jpg 200w, https:\/\/www.so-helo.com\/mariage\/blog\/wp-content\/uploads\/2015\/03\/Axelle-B.-collection-haute-coiffure-2015-ornement-plumes-esprit-ethnique-250x374.jpg 250w, https:\/\/www.so-helo.com\/mariage\/blog\/wp-content\/uploads\/2015\/03\/Axelle-B.-collection-haute-coiffure-2015-ornement-plumes-esprit-ethnique-800x1198.jpg 800w, https:\/\/www.so-helo.com\/mariage\/blog\/wp-content\/uploads\/2015\/03\/Axelle-B.-collection-haute-coiffure-2015-ornement-plumes-esprit-ethnique-120x180.jpg 120w, https:\/\/www.so-helo.com\/mariage\/blog\/wp-content\/uploads\/2015\/03\/Axelle-B.-collection-haute-coiffure-2015-ornement-plumes-esprit-ethnique-333x500.jpg 333w, https:\/\/www.so-helo.com\/mariage\/blog\/wp-content\/uploads\/2015\/03\/Axelle-B.-collection-haute-coiffure-2015-ornement-plumes-esprit-ethnique.jpg 1367w\" sizes=\"(max-width: 683px) 100vw, 683px\" \/><\/a><\/p>\n<p><a href=\"https:\/\/www.so-helo.com\/mariage\/blog\/wp-content\/uploads\/2015\/03\/Axelle-B.-collection-haute-coiffure-2015-ornement-plumes-paon-et-chevrons.jpg\"><img loading=\"lazy\" decoding=\"async\" class=\"size-large wp-image-4172 aligncenter\" src=\"https:\/\/www.so-helo.com\/mariage\/blog\/wp-content\/uploads\/2015\/03\/Axelle-B.-collection-haute-coiffure-2015-ornement-plumes-paon-et-chevrons-1024x683.jpg\" alt=\"Axelle B. collection haute coiffure 2015 ornement plumes paon et chevrons\" width=\"1024\" height=\"683\" srcset=\"https:\/\/www.so-helo.com\/mariage\/blog\/wp-content\/uploads\/2015\/03\/Axelle-B.-collection-haute-coiffure-2015-ornement-plumes-paon-et-chevrons-1024x683.jpg 1024w, https:\/\/www.so-helo.com\/mariage\/blog\/wp-content\/uploads\/2015\/03\/Axelle-B.-collection-haute-coiffure-2015-ornement-plumes-paon-et-chevrons-300x200.jpg 300w, https:\/\/www.so-helo.com\/mariage\/blog\/wp-content\/uploads\/2015\/03\/Axelle-B.-collection-haute-coiffure-2015-ornement-plumes-paon-et-chevrons-250x166.jpg 250w, https:\/\/www.so-helo.com\/mariage\/blog\/wp-content\/uploads\/2015\/03\/Axelle-B.-collection-haute-coiffure-2015-ornement-plumes-paon-et-chevrons-550x367.jpg 550w, https:\/\/www.so-helo.com\/mariage\/blog\/wp-content\/uploads\/2015\/03\/Axelle-B.-collection-haute-coiffure-2015-ornement-plumes-paon-et-chevrons-800x533.jpg 800w, https:\/\/www.so-helo.com\/mariage\/blog\/wp-content\/uploads\/2015\/03\/Axelle-B.-collection-haute-coiffure-2015-ornement-plumes-paon-et-chevrons-269x180.jpg 269w, https:\/\/www.so-helo.com\/mariage\/blog\/wp-content\/uploads\/2015\/03\/Axelle-B.-collection-haute-coiffure-2015-ornement-plumes-paon-et-chevrons-449x300.jpg 449w, https:\/\/www.so-helo.com\/mariage\/blog\/wp-content\/uploads\/2015\/03\/Axelle-B.-collection-haute-coiffure-2015-ornement-plumes-paon-et-chevrons-749x500.jpg 749w, https:\/\/www.so-helo.com\/mariage\/blog\/wp-content\/uploads\/2015\/03\/Axelle-B.-collection-haute-coiffure-2015-ornement-plumes-paon-et-chevrons.jpg 2048w\" sizes=\"(max-width: 1024px) 100vw, 1024px\" \/><\/a><\/p>\n<p>Photographies: <a href=\"http:\/\/www.thibaultchappe.fr\/\" target=\"_blank\">Thibault Chappe<\/a><br \/>\nCoiffures: <a href=\"http:\/\/www.axelle-b.com\/\" target=\"_blank\">Axelle B.<\/a><br \/>\nMaquillages: <a href=\"http:\/\/www.makeup-artist-vanessa.com\/\" target=\"_blank\">Vanessa make up artist<\/a><br \/>\nBijoux et accessoires: <a href=\"http:\/\/www.so-helo.com\" target=\"_blank\">So H\u00e9lo<\/a><br \/>\nMod\u00e8les: Stella, Elisabeth, Aurore et Lisa<\/p>\n","protected":false},"excerpt":{"rendered":"<p>Je ne vous pr\u00e9sente plus Alice, coiffeuse d&rsquo;exception sous le nom d&rsquo;Axelle B. qui est la f\u00e9e coiffure de tous mes shootings ^^. Je vous en ai d\u00e9j\u00e0 parl\u00e9 ICI ou L\u00c0 voir encore\u00a0ICI! Cette ann\u00e9e, Alice, m&rsquo;a permise de participer \u00e0 sa nouvelle collection \u00ab\u00a0Haute coiffure \u00a0\u00bb 2015 \u00e0 travers une s\u00e9rie de bijoux&hellip;<\/p>\n","protected":false},"author":1,"featured_media":0,"comment_status":"open","ping_status":"open","sticky":false,"template":"","format":"standard","meta":{"footnotes":""},"categories":[9,415,1],"tags":[82,260,259,20,255,302],"_links":{"self":[{"href":"https:\/\/www.so-helo.com\/mariage\/blog\/wp-json\/wp\/v2\/posts\/4156"}],"collection":[{"href":"https:\/\/www.so-helo.com\/mariage\/blog\/wp-json\/wp\/v2\/posts"}],"about":[{"href":"https:\/\/www.so-helo.com\/mariage\/blog\/wp-json\/wp\/v2\/types\/post"}],"author":[{"embeddable":true,"href":"https:\/\/www.so-helo.com\/mariage\/blog\/wp-json\/wp\/v2\/users\/1"}],"replies":[{"embeddable":true,"href":"https:\/\/www.so-helo.com\/mariage\/blog\/wp-json\/wp\/v2\/comments?post=4156"}],"version-history":[{"count":8,"href":"https:\/\/www.so-helo.com\/mariage\/blog\/wp-json\/wp\/v2\/posts\/4156\/revisions"}],"predecessor-version":[{"id":4347,"href":"https:\/\/www.so-helo.com\/mariage\/blog\/wp-json\/wp\/v2\/posts\/4156\/revisions\/4347"}],"wp:attachment":[{"href":"https:\/\/www.so-helo.com\/mariage\/blog\/wp-json\/wp\/v2\/media?parent=4156"}],"wp:term":[{"taxonomy":"category","embeddable":true,"href":"https:\/\/www.so-helo.com\/mariage\/blog\/wp-json\/wp\/v2\/categories?post=4156"},{"taxonomy":"post_tag","embeddable":true,"href":"https:\/\/www.so-helo.com\/mariage\/blog\/wp-json\/wp\/v2\/tags?post=4156"}],"curies":[{"name":"wp","href":"https:\/\/api.w.org\/{rel}","templated":true}]}}